{"id":13165,"date":"2024-07-25T11:58:21","date_gmt":"2024-07-25T09:58:21","guid":{"rendered":"https:\/\/www.gmg.cat\/gmg-construira-una-casa-pasiva-de-madera-en-matadepera\/"},"modified":"2024-07-25T11:58:21","modified_gmt":"2024-07-25T09:58:21","slug":"gmg-construira-una-casa-pasiva-de-madera-en-matadepera","status":"publish","type":"post","link":"https:\/\/www.gmg.cat\/es\/gmg-construira-una-casa-pasiva-de-madera-en-matadepera\/","title":{"rendered":"GMG construir\u00e1 una casa pasiva de madera en Matadepera"},"content":{"rendered":"<p>Ya disponemos de licencia de obras para iniciar las obras de una casa pasiva construida en madera en Matadepera. Despu\u00e9s del \u00e9xito obtenido con la casa de madera que finalizamos el a\u00f1o pasado en Bellver de Cerdanya, hemos propuesto a unos clientes hacerse la suya con esta soluci\u00f3n constructiva. La vivienda unifamiliar debe responder a un segundo ciclo vital de una familia que encara la etapa de emancipaci\u00f3n de los hijos y que una vez completada, su casa habitual se les har\u00eda demasiado grande. Los clientes nos han pedido una vivienda mucho m\u00e1s peque\u00f1a y m\u00e1s sostenible. A GMG les hemos propuesto realizar una casa de bajo consumo energ\u00e9tico, con producci\u00f3n de energ\u00eda fotovoltaica y construirla con materiales de bajo impacto ambiental. El programa es de dos dormitorios y un estudio polivalente, todo ello desarrollado en planta baja para favorecer la accesibilidad y un peque\u00f1o altillo. Dispone adem\u00e1s de un garaje para un solo veh\u00edculo, dos ba\u00f1os, un lavadero, un sal\u00f3n-comedor-cocina comunicado con un porche exterior que tendr\u00e1 la funci\u00f3n de comedor de verano y que est\u00e1 en contacto con una piscina, pues acostumbrados a disfrutar de una, no han querido renunciar a esta segunda vivienda. La estructura de la casa la hemos planteado con paneles de madera de CLT. En su interior, la propia madera estructural quedar\u00e1 a la vista en la mayor\u00eda de espacios. En el exterior, todas las paredes se revestir\u00e1n con un sate de lana de roca y un acabado estucado, para integrarnos con las construcciones m\u00e1s tradicionales del pueblo. La cubierta debemos acabar de decidir si la acabaremos con zinc o bien con teja plana cer\u00e1mica, y dispondremos paneles fotovoltaicos que sean capaces de soportar la demanda energ\u00e9tica de la vivienda. La producci\u00f3n de ACS correr\u00e1 a cargo de un sistema de aerotermia mientras que la calefacci\u00f3n y la refrigeraci\u00f3n se producir\u00e1n con bombas de calor por expansi\u00f3n directa con circulaci\u00f3n de aire a baja velocidad. Tenemos previsto iniciar las obras en el cuarto trimestre del a\u00f1o, una vez finalice el proceso de licitaci\u00f3n con las constructoras. <\/p>\n","protected":false},"excerpt":{"rendered":"<p>Ya disponemos de licencia de obras para iniciar las obras de una casa pasiva construida en madera en Matadepera. Despu\u00e9s del \u00e9xito obtenido con la casa de madera que finalizamos el a\u00f1o pasado en Bellver de Cerdanya, hemos propuesto a unos clientes hacerse la suya con esta soluci\u00f3n constructiva. La vivienda unifamiliar debe responder a&hellip; <a class=\"more-link\" href=\"https:\/\/www.gmg.cat\/es\/gmg-construira-una-casa-pasiva-de-madera-en-matadepera\/\">Seguir leyendo <span class=\"screen-reader-text\">GMG construir\u00e1 una casa pasiva de madera en Matadepera<\/span><\/a><\/p>\n","protected":false},"author":3,"featured_media":12747,"comment_status":"open","ping_status":"open","sticky":false,"template":"","format":"standard","meta":{"inline_featured_image":false,"footnotes":""},"categories":[1221],"tags":[485,1248,600,692,1249],"class_list":["post-13165","post","type-post","status-publish","format-standard","has-post-thumbnail","hentry","category-arquitectura-es","tag-arquitectura-es","tag-casa-pasiva","tag-gmg-arquitectura-es","tag-passivhaus-es","tag-vivienda-matadepera","entry"],"acf":[],"yoast_head":"<!-- This site is optimized with the Yoast SEO plugin v21.5 - https:\/\/yoast.com\/wordpress\/plugins\/seo\/ -->\n<title>GMG construir\u00e1 una casa pasiva de madera en Matadepera - GMG<\/title>\n<meta name=\"robots\" content=\"index, follow, max-snippet:-1, max-image-preview:large, max-video-preview:-1\" \/>\n<link rel=\"canonical\" href=\"https:\/\/www.gmg.cat\/es\/gmg-construira-una-casa-pasiva-de-madera-en-matadepera\/\" \/>\n<meta property=\"og:locale\" content=\"es_ES\" \/>\n<meta property=\"og:type\" content=\"article\" \/>\n<meta property=\"og:title\" content=\"GMG construir\u00e1 una casa pasiva de madera en Matadepera - GMG\" \/>\n<meta property=\"og:description\" content=\"Ya disponemos de licencia de obras para iniciar las obras de una casa pasiva construida en madera en Matadepera. Despu\u00e9s del \u00e9xito obtenido con la casa de madera que finalizamos el a\u00f1o pasado en Bellver de Cerdanya, hemos propuesto a unos clientes hacerse la suya con esta soluci\u00f3n constructiva. La vivienda unifamiliar debe responder a&hellip; Seguir leyendo GMG construir\u00e1 una casa pasiva de madera en Matadepera\" \/>\n<meta property=\"og:url\" content=\"https:\/\/www.gmg.cat\/es\/gmg-construira-una-casa-pasiva-de-madera-en-matadepera\/\" \/>\n<meta property=\"og:site_name\" content=\"GMG\" \/>\n<meta property=\"article:published_time\" content=\"2024-07-25T09:58:21+00:00\" \/>\n<meta property=\"og:image\" content=\"https:\/\/www.gmg.cat\/wp-content\/uploads\/2024\/07\/Enscape_2024-02-07-17-46-34.jpg\" \/>\n\t<meta property=\"og:image:width\" content=\"1864\" \/>\n\t<meta property=\"og:image:height\" content=\"1048\" \/>\n\t<meta property=\"og:image:type\" content=\"image\/jpeg\" \/>\n<meta name=\"author\" content=\"GMG\" \/>\n<meta name=\"twitter:card\" content=\"summary_large_image\" \/>\n<meta name=\"twitter:label1\" content=\"Escrito por\" \/>\n\t<meta name=\"twitter:data1\" content=\"GMG\" \/>\n\t<meta name=\"twitter:label2\" content=\"Tiempo de lectura\" \/>\n\t<meta name=\"twitter:data2\" content=\"2 minutos\" \/>\n<script type=\"application\/ld+json\" class=\"yoast-schema-graph\">{\"@context\":\"https:\/\/schema.org\",\"@graph\":[{\"@type\":\"WebPage\",\"@id\":\"https:\/\/www.gmg.cat\/es\/gmg-construira-una-casa-pasiva-de-madera-en-matadepera\/\",\"url\":\"https:\/\/www.gmg.cat\/es\/gmg-construira-una-casa-pasiva-de-madera-en-matadepera\/\",\"name\":\"GMG construir\u00e1 una casa pasiva de madera en Matadepera - GMG\",\"isPartOf\":{\"@id\":\"https:\/\/www.gmg.cat\/es\/#website\"},\"datePublished\":\"2024-07-25T09:58:21+00:00\",\"dateModified\":\"2024-07-25T09:58:21+00:00\",\"author\":{\"@id\":\"https:\/\/www.gmg.cat\/es\/#\/schema\/person\/17a33fd03cd5b219b6ec1b6c43a13970\"},\"inLanguage\":\"es\",\"potentialAction\":[{\"@type\":\"ReadAction\",\"target\":[\"https:\/\/www.gmg.cat\/es\/gmg-construira-una-casa-pasiva-de-madera-en-matadepera\/\"]}]},{\"@type\":\"WebSite\",\"@id\":\"https:\/\/www.gmg.cat\/es\/#website\",\"url\":\"https:\/\/www.gmg.cat\/es\/\",\"name\":\"GMG\",\"description\":\"\",\"potentialAction\":[{\"@type\":\"SearchAction\",\"target\":{\"@type\":\"EntryPoint\",\"urlTemplate\":\"https:\/\/www.gmg.cat\/es\/?s={search_term_string}\"},\"query-input\":\"required name=search_term_string\"}],\"inLanguage\":\"es\"},{\"@type\":\"Person\",\"@id\":\"https:\/\/www.gmg.cat\/es\/#\/schema\/person\/17a33fd03cd5b219b6ec1b6c43a13970\",\"name\":\"GMG\",\"image\":{\"@type\":\"ImageObject\",\"inLanguage\":\"es\",\"@id\":\"https:\/\/www.gmg.cat\/es\/#\/schema\/person\/image\/\",\"url\":\"https:\/\/secure.gravatar.com\/avatar\/0b8a1419dc47166c17dcd8cf40c0d8020373c1488d8468255c90706af3b3630f?s=96&d=mm&r=g\",\"contentUrl\":\"https:\/\/secure.gravatar.com\/avatar\/0b8a1419dc47166c17dcd8cf40c0d8020373c1488d8468255c90706af3b3630f?s=96&d=mm&r=g\",\"caption\":\"GMG\"},\"url\":\"https:\/\/www.gmg.cat\/es\/author\/gmg\/\"}]}<\/script>\n<!-- \/ Yoast SEO plugin. -->","yoast_head_json":{"title":"GMG construir\u00e1 una casa pasiva de madera en Matadepera - GMG","robots":{"index":"index","follow":"follow","max-snippet":"max-snippet:-1","max-image-preview":"max-image-preview:large","max-video-preview":"max-video-preview:-1"},"canonical":"https:\/\/www.gmg.cat\/es\/gmg-construira-una-casa-pasiva-de-madera-en-matadepera\/","og_locale":"es_ES","og_type":"article","og_title":"GMG construir\u00e1 una casa pasiva de madera en Matadepera - GMG","og_description":"Ya disponemos de licencia de obras para iniciar las obras de una casa pasiva construida en madera en Matadepera. Despu\u00e9s del \u00e9xito obtenido con la casa de madera que finalizamos el a\u00f1o pasado en Bellver de Cerdanya, hemos propuesto a unos clientes hacerse la suya con esta soluci\u00f3n constructiva. La vivienda unifamiliar debe responder a&hellip; Seguir leyendo GMG construir\u00e1 una casa pasiva de madera en Matadepera","og_url":"https:\/\/www.gmg.cat\/es\/gmg-construira-una-casa-pasiva-de-madera-en-matadepera\/","og_site_name":"GMG","article_published_time":"2024-07-25T09:58:21+00:00","og_image":[{"width":1864,"height":1048,"url":"https:\/\/www.gmg.cat\/wp-content\/uploads\/2024\/07\/Enscape_2024-02-07-17-46-34.jpg","type":"image\/jpeg"}],"author":"GMG","twitter_card":"summary_large_image","twitter_misc":{"Escrito por":"GMG","Tiempo de lectura":"2 minutos"},"schema":{"@context":"https:\/\/schema.org","@graph":[{"@type":"WebPage","@id":"https:\/\/www.gmg.cat\/es\/gmg-construira-una-casa-pasiva-de-madera-en-matadepera\/","url":"https:\/\/www.gmg.cat\/es\/gmg-construira-una-casa-pasiva-de-madera-en-matadepera\/","name":"GMG construir\u00e1 una casa pasiva de madera en Matadepera - GMG","isPartOf":{"@id":"https:\/\/www.gmg.cat\/es\/#website"},"datePublished":"2024-07-25T09:58:21+00:00","dateModified":"2024-07-25T09:58:21+00:00","author":{"@id":"https:\/\/www.gmg.cat\/es\/#\/schema\/person\/17a33fd03cd5b219b6ec1b6c43a13970"},"inLanguage":"es","potentialAction":[{"@type":"ReadAction","target":["https:\/\/www.gmg.cat\/es\/gmg-construira-una-casa-pasiva-de-madera-en-matadepera\/"]}]},{"@type":"WebSite","@id":"https:\/\/www.gmg.cat\/es\/#website","url":"https:\/\/www.gmg.cat\/es\/","name":"GMG","description":"","potentialAction":[{"@type":"SearchAction","target":{"@type":"EntryPoint","urlTemplate":"https:\/\/www.gmg.cat\/es\/?s={search_term_string}"},"query-input":"required name=search_term_string"}],"inLanguage":"es"},{"@type":"Person","@id":"https:\/\/www.gmg.cat\/es\/#\/schema\/person\/17a33fd03cd5b219b6ec1b6c43a13970","name":"GMG","image":{"@type":"ImageObject","inLanguage":"es","@id":"https:\/\/www.gmg.cat\/es\/#\/schema\/person\/image\/","url":"https:\/\/secure.gravatar.com\/avatar\/0b8a1419dc47166c17dcd8cf40c0d8020373c1488d8468255c90706af3b3630f?s=96&d=mm&r=g","contentUrl":"https:\/\/secure.gravatar.com\/avatar\/0b8a1419dc47166c17dcd8cf40c0d8020373c1488d8468255c90706af3b3630f?s=96&d=mm&r=g","caption":"GMG"},"url":"https:\/\/www.gmg.cat\/es\/author\/gmg\/"}]}},"_links":{"self":[{"href":"https:\/\/www.gmg.cat\/es\/wp-json\/wp\/v2\/posts\/13165","targetHints":{"allow":["GET"]}}],"collection":[{"href":"https:\/\/www.gmg.cat\/es\/wp-json\/wp\/v2\/posts"}],"about":[{"href":"https:\/\/www.gmg.cat\/es\/wp-json\/wp\/v2\/types\/post"}],"author":[{"embeddable":true,"href":"https:\/\/www.gmg.cat\/es\/wp-json\/wp\/v2\/users\/3"}],"replies":[{"embeddable":true,"href":"https:\/\/www.gmg.cat\/es\/wp-json\/wp\/v2\/comments?post=13165"}],"version-history":[{"count":0,"href":"https:\/\/www.gmg.cat\/es\/wp-json\/wp\/v2\/posts\/13165\/revisions"}],"wp:featuredmedia":[{"embeddable":true,"href":"https:\/\/www.gmg.cat\/es\/wp-json\/wp\/v2\/media\/12747"}],"wp:attachment":[{"href":"https:\/\/www.gmg.cat\/es\/wp-json\/wp\/v2\/media?parent=13165"}],"wp:term":[{"taxonomy":"category","embeddable":true,"href":"https:\/\/www.gmg.cat\/es\/wp-json\/wp\/v2\/categories?post=13165"},{"taxonomy":"post_tag","embeddable":true,"href":"https:\/\/www.gmg.cat\/es\/wp-json\/wp\/v2\/tags?post=13165"}],"curies":[{"name":"wp","href":"https:\/\/api.w.org\/{rel}","templated":true}]}}