{"id":13204,"date":"2024-04-17T14:02:37","date_gmt":"2024-04-17T12:02:37","guid":{"rendered":"https:\/\/www.gmg.cat\/salida-de-invierno-volvemos-al-refugio-de-la-illa\/"},"modified":"2024-10-11T11:23:00","modified_gmt":"2024-10-11T09:23:00","slug":"salida-de-invierno-volvemos-al-refugio-de-la-illa","status":"publish","type":"post","link":"https:\/\/www.gmg.cat\/es\/salida-de-invierno-volvemos-al-refugio-de-la-illa\/","title":{"rendered":"Salida de invierno. Volvemos al refugio de la Illa"},"content":{"rendered":"<p>El pasado 9 y 10 de febrero, el equipo de GMG salimos a pisar nieve. Como el a\u00f1o pasado, fuimos al refugio de la Illa, 2.488m, en Andorra. Esta vez, sin embargo, salimos desde Grau Roig y subimos por los lagos de Pessons.<\/p>\n<p>Nos empez\u00f3 a nevar justo en la salida pero por suerte no se cumpli\u00f3 la previsi\u00f3n. La niebla se levant\u00f3 e incluso tuvimos ratos de sol. Esto nos permiti\u00f3 disfrutar del espectacular paisaje nevado del circo de Pessons.<\/p>\n<p>Llegando a pocos metros del cuello, la fuerte pendiente y la acumulaci\u00f3n de nieve hac\u00edan recomendable cambiar las raquetas por los crampones. Pararse a realizar esta sencilla operaci\u00f3n en medio de una pala nevada, con fuerte pendiente, fr\u00edo y viento, es inc\u00f3modo. Como faltaban menos de 100m de desnivel para llegar al collado, algunos optaron por continuar con las raquetas. El resultado de esta decisi\u00f3n es que sufrimos innecesariamente por hacer los \u00faltimos metros, donde la pala coge la m\u00e1xima pendiente, debiendo invertir casi una hora para superarlos. Aprendimos la lecci\u00f3n. Cuando se trata de seguridad, es mejor que sobrio que no que falte y siempre hay que optar por la opci\u00f3n m\u00e1s segura.<\/p>\n<p>Una vez en el refugio, mientras fuera ca\u00eda una buena nevada, entablados junto al fuego con una cena caliente y unos vasos de vino, empezaron los relatos de todos los equilibrios y las peripecias vividas, que siempre que acaban bien, acaban haciendo re\u00edr.<\/p>\n<p>Al d\u00eda siguiente, se despert\u00f3 tapado, a -7C\u00ba, viento y bastante nieve. Mientras desayunamos, viendo la nieve acumulada de toda la noche y teniendo la meteo en contra, decidimos cambiar de planes y bajar por el valle del Madriu, evitando cruzar el collado de Montmal\u00fas donde habr\u00edamos quedado demasiado expuestos al mal tiempo. La buena decisi\u00f3n nos regal\u00f3 una bajada preciosa, abriendo traza en la nieve virgen durante la mayor\u00eda de los 13 km de camino de regreso.<\/p>\n<p>Llegados a Les Escaldes, un taxi nos acompa\u00f1\u00f3 hacia recoger los coches en Grau Roig y despu\u00e9s una buena comida para recordar todo lo vivido y re\u00edr de nuevo.<\/p>\n<p>\u00a1Seguiremos subiendo monta\u00f1as!<\/p>\n","protected":false},"excerpt":{"rendered":"<p>El pasado 9 y 10 de febrero, el equipo de GMG salimos a pisar nieve. Como el a\u00f1o pasado, fuimos al refugio de la Illa, 2.488m, en Andorra. Esta vez, sin embargo, salimos desde Grau Roig y subimos por los lagos de Pessons. Nos empez\u00f3 a nevar justo en la salida pero por suerte no&hellip; <a class=\"more-link\" href=\"https:\/\/www.gmg.cat\/es\/salida-de-invierno-volvemos-al-refugio-de-la-illa\/\">Seguir leyendo <span class=\"screen-reader-text\">Salida de invierno. Volvemos al refugio de la Illa<\/span><\/a><\/p>\n","protected":false},"author":3,"featured_media":10683,"comment_status":"open","ping_status":"open","sticky":false,"template":"","format":"standard","meta":{"inline_featured_image":false,"footnotes":""},"categories":[28],"tags":[486],"class_list":["post-13204","post","type-post","status-publish","format-standard","has-post-thumbnail","hentry","category-otras","tag-arquitectura-saludable-es","entry"],"acf":[],"yoast_head":"<!-- This site is optimized with the Yoast SEO plugin v21.5 - https:\/\/yoast.com\/wordpress\/plugins\/seo\/ -->\n<title>Salida de invierno. Volvemos al refugio de la Illa - GMG<\/title>\n<meta name=\"robots\" content=\"index, follow, max-snippet:-1, max-image-preview:large, max-video-preview:-1\" \/>\n<link rel=\"canonical\" href=\"https:\/\/www.gmg.cat\/es\/salida-de-invierno-volvemos-al-refugio-de-la-illa\/\" \/>\n<meta property=\"og:locale\" content=\"es_ES\" \/>\n<meta property=\"og:type\" content=\"article\" \/>\n<meta property=\"og:title\" content=\"Salida de invierno. Volvemos al refugio de la Illa - GMG\" \/>\n<meta property=\"og:description\" content=\"El pasado 9 y 10 de febrero, el equipo de GMG salimos a pisar nieve. Como el a\u00f1o pasado, fuimos al refugio de la Illa, 2.488m, en Andorra. Esta vez, sin embargo, salimos desde Grau Roig y subimos por los lagos de Pessons. Nos empez\u00f3 a nevar justo en la salida pero por suerte no&hellip; Seguir leyendo Salida de invierno. Volvemos al refugio de la Illa\" \/>\n<meta property=\"og:url\" content=\"https:\/\/www.gmg.cat\/es\/salida-de-invierno-volvemos-al-refugio-de-la-illa\/\" \/>\n<meta property=\"og:site_name\" content=\"GMG\" \/>\n<meta property=\"article:published_time\" content=\"2024-04-17T12:02:37+00:00\" \/>\n<meta property=\"article:modified_time\" content=\"2024-10-11T09:23:00+00:00\" \/>\n<meta property=\"og:image\" content=\"https:\/\/www.gmg.cat\/wp-content\/uploads\/2024\/04\/IMG_2737-scaled-e1711021136161.jpg\" \/>\n\t<meta property=\"og:image:width\" content=\"1920\" \/>\n\t<meta property=\"og:image:height\" content=\"2560\" \/>\n\t<meta property=\"og:image:type\" content=\"image\/jpeg\" \/>\n<meta name=\"author\" content=\"GMG\" \/>\n<meta name=\"twitter:card\" content=\"summary_large_image\" \/>\n<meta name=\"twitter:label1\" content=\"Escrito por\" \/>\n\t<meta name=\"twitter:data1\" content=\"GMG\" \/>\n\t<meta name=\"twitter:label2\" content=\"Tiempo de lectura\" \/>\n\t<meta name=\"twitter:data2\" content=\"2 minutos\" \/>\n<script type=\"application\/ld+json\" class=\"yoast-schema-graph\">{\"@context\":\"https:\/\/schema.org\",\"@graph\":[{\"@type\":\"WebPage\",\"@id\":\"https:\/\/www.gmg.cat\/es\/salida-de-invierno-volvemos-al-refugio-de-la-illa\/\",\"url\":\"https:\/\/www.gmg.cat\/es\/salida-de-invierno-volvemos-al-refugio-de-la-illa\/\",\"name\":\"Salida de invierno. Volvemos al refugio de la Illa - GMG\",\"isPartOf\":{\"@id\":\"https:\/\/www.gmg.cat\/es\/#website\"},\"datePublished\":\"2024-04-17T12:02:37+00:00\",\"dateModified\":\"2024-10-11T09:23:00+00:00\",\"author\":{\"@id\":\"https:\/\/www.gmg.cat\/es\/#\/schema\/person\/17a33fd03cd5b219b6ec1b6c43a13970\"},\"inLanguage\":\"es\",\"potentialAction\":[{\"@type\":\"ReadAction\",\"target\":[\"https:\/\/www.gmg.cat\/es\/salida-de-invierno-volvemos-al-refugio-de-la-illa\/\"]}]},{\"@type\":\"WebSite\",\"@id\":\"https:\/\/www.gmg.cat\/es\/#website\",\"url\":\"https:\/\/www.gmg.cat\/es\/\",\"name\":\"GMG\",\"description\":\"\",\"potentialAction\":[{\"@type\":\"SearchAction\",\"target\":{\"@type\":\"EntryPoint\",\"urlTemplate\":\"https:\/\/www.gmg.cat\/es\/?s={search_term_string}\"},\"query-input\":\"required name=search_term_string\"}],\"inLanguage\":\"es\"},{\"@type\":\"Person\",\"@id\":\"https:\/\/www.gmg.cat\/es\/#\/schema\/person\/17a33fd03cd5b219b6ec1b6c43a13970\",\"name\":\"GMG\",\"image\":{\"@type\":\"ImageObject\",\"inLanguage\":\"es\",\"@id\":\"https:\/\/www.gmg.cat\/es\/#\/schema\/person\/image\/\",\"url\":\"https:\/\/secure.gravatar.com\/avatar\/0b8a1419dc47166c17dcd8cf40c0d8020373c1488d8468255c90706af3b3630f?s=96&d=mm&r=g\",\"contentUrl\":\"https:\/\/secure.gravatar.com\/avatar\/0b8a1419dc47166c17dcd8cf40c0d8020373c1488d8468255c90706af3b3630f?s=96&d=mm&r=g\",\"caption\":\"GMG\"},\"url\":\"https:\/\/www.gmg.cat\/es\/author\/gmg\/\"}]}<\/script>\n<!-- \/ Yoast SEO plugin. -->","yoast_head_json":{"title":"Salida de invierno. Volvemos al refugio de la Illa - GMG","robots":{"index":"index","follow":"follow","max-snippet":"max-snippet:-1","max-image-preview":"max-image-preview:large","max-video-preview":"max-video-preview:-1"},"canonical":"https:\/\/www.gmg.cat\/es\/salida-de-invierno-volvemos-al-refugio-de-la-illa\/","og_locale":"es_ES","og_type":"article","og_title":"Salida de invierno. Volvemos al refugio de la Illa - GMG","og_description":"El pasado 9 y 10 de febrero, el equipo de GMG salimos a pisar nieve. Como el a\u00f1o pasado, fuimos al refugio de la Illa, 2.488m, en Andorra. Esta vez, sin embargo, salimos desde Grau Roig y subimos por los lagos de Pessons. Nos empez\u00f3 a nevar justo en la salida pero por suerte no&hellip; Seguir leyendo Salida de invierno. Volvemos al refugio de la Illa","og_url":"https:\/\/www.gmg.cat\/es\/salida-de-invierno-volvemos-al-refugio-de-la-illa\/","og_site_name":"GMG","article_published_time":"2024-04-17T12:02:37+00:00","article_modified_time":"2024-10-11T09:23:00+00:00","og_image":[{"width":1920,"height":2560,"url":"https:\/\/www.gmg.cat\/wp-content\/uploads\/2024\/04\/IMG_2737-scaled-e1711021136161.jpg","type":"image\/jpeg"}],"author":"GMG","twitter_card":"summary_large_image","twitter_misc":{"Escrito por":"GMG","Tiempo de lectura":"2 minutos"},"schema":{"@context":"https:\/\/schema.org","@graph":[{"@type":"WebPage","@id":"https:\/\/www.gmg.cat\/es\/salida-de-invierno-volvemos-al-refugio-de-la-illa\/","url":"https:\/\/www.gmg.cat\/es\/salida-de-invierno-volvemos-al-refugio-de-la-illa\/","name":"Salida de invierno. Volvemos al refugio de la Illa - GMG","isPartOf":{"@id":"https:\/\/www.gmg.cat\/es\/#website"},"datePublished":"2024-04-17T12:02:37+00:00","dateModified":"2024-10-11T09:23:00+00:00","author":{"@id":"https:\/\/www.gmg.cat\/es\/#\/schema\/person\/17a33fd03cd5b219b6ec1b6c43a13970"},"inLanguage":"es","potentialAction":[{"@type":"ReadAction","target":["https:\/\/www.gmg.cat\/es\/salida-de-invierno-volvemos-al-refugio-de-la-illa\/"]}]},{"@type":"WebSite","@id":"https:\/\/www.gmg.cat\/es\/#website","url":"https:\/\/www.gmg.cat\/es\/","name":"GMG","description":"","potentialAction":[{"@type":"SearchAction","target":{"@type":"EntryPoint","urlTemplate":"https:\/\/www.gmg.cat\/es\/?s={search_term_string}"},"query-input":"required name=search_term_string"}],"inLanguage":"es"},{"@type":"Person","@id":"https:\/\/www.gmg.cat\/es\/#\/schema\/person\/17a33fd03cd5b219b6ec1b6c43a13970","name":"GMG","image":{"@type":"ImageObject","inLanguage":"es","@id":"https:\/\/www.gmg.cat\/es\/#\/schema\/person\/image\/","url":"https:\/\/secure.gravatar.com\/avatar\/0b8a1419dc47166c17dcd8cf40c0d8020373c1488d8468255c90706af3b3630f?s=96&d=mm&r=g","contentUrl":"https:\/\/secure.gravatar.com\/avatar\/0b8a1419dc47166c17dcd8cf40c0d8020373c1488d8468255c90706af3b3630f?s=96&d=mm&r=g","caption":"GMG"},"url":"https:\/\/www.gmg.cat\/es\/author\/gmg\/"}]}},"_links":{"self":[{"href":"https:\/\/www.gmg.cat\/es\/wp-json\/wp\/v2\/posts\/13204","targetHints":{"allow":["GET"]}}],"collection":[{"href":"https:\/\/www.gmg.cat\/es\/wp-json\/wp\/v2\/posts"}],"about":[{"href":"https:\/\/www.gmg.cat\/es\/wp-json\/wp\/v2\/types\/post"}],"author":[{"embeddable":true,"href":"https:\/\/www.gmg.cat\/es\/wp-json\/wp\/v2\/users\/3"}],"replies":[{"embeddable":true,"href":"https:\/\/www.gmg.cat\/es\/wp-json\/wp\/v2\/comments?post=13204"}],"version-history":[{"count":1,"href":"https:\/\/www.gmg.cat\/es\/wp-json\/wp\/v2\/posts\/13204\/revisions"}],"predecessor-version":[{"id":13215,"href":"https:\/\/www.gmg.cat\/es\/wp-json\/wp\/v2\/posts\/13204\/revisions\/13215"}],"wp:featuredmedia":[{"embeddable":true,"href":"https:\/\/www.gmg.cat\/es\/wp-json\/wp\/v2\/media\/10683"}],"wp:attachment":[{"href":"https:\/\/www.gmg.cat\/es\/wp-json\/wp\/v2\/media?parent=13204"}],"wp:term":[{"taxonomy":"category","embeddable":true,"href":"https:\/\/www.gmg.cat\/es\/wp-json\/wp\/v2\/categories?post=13204"},{"taxonomy":"post_tag","embeddable":true,"href":"https:\/\/www.gmg.cat\/es\/wp-json\/wp\/v2\/tags?post=13204"}],"curies":[{"name":"wp","href":"https:\/\/api.w.org\/{rel}","templated":true}]}}