{"id":14059,"date":"2024-11-22T09:58:21","date_gmt":"2024-11-22T08:58:21","guid":{"rendered":"https:\/\/www.gmg.cat\/?p=14059"},"modified":"2024-11-22T09:58:24","modified_gmt":"2024-11-22T08:58:24","slug":"gmg-concluye-los-trabajos-de-adecuacion-del-cap-la-pau","status":"publish","type":"post","link":"https:\/\/www.gmg.cat\/es\/gmg-concluye-los-trabajos-de-adecuacion-del-cap-la-pau\/","title":{"rendered":"GMG concluye los trabajos de adecuaci\u00f3n del CAP La Pau"},"content":{"rendered":"\n<p>Como parte de un trabajo encargado por el \u00e1rea de Infraestructuras del Instituto Catal\u00e1n de la Salud, el equipo t\u00e9cnico de GMG ha desarrollado el proyecto, la direcci\u00f3n ejecutiva de obras y las legalizaciones del Centro de Atenci\u00f3n Primaria La Pau de Barcelona.<\/p>\n\n\n\n<p>El trabajo en su conjunto se ha desarrollado durante 9 meses y ha transformado el equipamiento, no solo modernizando sus instalaciones, sino tambi\u00e9n ampliando sus capacidades con varias consultas m\u00e1s, permitiendo la incorporaci\u00f3n de nuevas especialidades en el CAP.<\/p>\n\n\n\n<p>Las actuaciones realizadas garantizar\u00e1n una prolongaci\u00f3n significativa de la vida \u00fatil del equipamiento y un comportamiento energ\u00e9tico de acuerdo con las exigencias y compromisos actuales. La instalaci\u00f3n de sistemas eficientes de climatizaci\u00f3n, la mejora en la ventilaci\u00f3n del centro con recuperadores de calor, el alumbrado totalmente de Leds con control DALI y la monitorizaci\u00f3n de la totalidad de las instalaciones (dom\u00f3tica), ayudar\u00e1n a que este centro se convierta en una referencia de la Atenci\u00f3n Primaria en la Ciudad de Barcelona.<\/p>\n\n\n\n<p>Una vez m\u00e1s, GMG en colaboraci\u00f3n con la administraci\u00f3n p\u00fablica, contribuye en la mejora de las condiciones de uso y comportamiento de un edificio p\u00fablico, siendo consecuentes durante todo el proceso, con nuestra visi\u00f3n sobre la protecci\u00f3n del medio ambiente.<\/p>\n","protected":false},"excerpt":{"rendered":"<p>Como parte de un trabajo encargado por el \u00e1rea de Infraestructuras del Instituto Catal\u00e1n de la Salud, el equipo t\u00e9cnico de GMG ha desarrollado el proyecto, la direcci\u00f3n ejecutiva de obras y las legalizaciones del Centro de Atenci\u00f3n Primaria La Pau de Barcelona. El trabajo en su conjunto se ha desarrollado durante 9 meses y&hellip; <a class=\"more-link\" href=\"https:\/\/www.gmg.cat\/es\/gmg-concluye-los-trabajos-de-adecuacion-del-cap-la-pau\/\">Seguir leyendo <span class=\"screen-reader-text\">GMG concluye los trabajos de adecuaci\u00f3n del CAP La Pau<\/span><\/a><\/p>\n","protected":false},"author":3,"featured_media":13992,"comment_status":"open","ping_status":"open","sticky":false,"template":"","format":"standard","meta":{"inline_featured_image":false,"footnotes":""},"categories":[51],"tags":[],"class_list":["post-14059","post","type-post","status-publish","format-standard","has-post-thumbnail","hentry","category-ingenieria","entry"],"acf":[],"yoast_head":"<!-- This site is optimized with the Yoast SEO plugin v21.5 - https:\/\/yoast.com\/wordpress\/plugins\/seo\/ -->\n<title>GMG concluye los trabajos de adecuaci\u00f3n del CAP La Pau - GMG<\/title>\n<meta name=\"robots\" content=\"index, follow, max-snippet:-1, max-image-preview:large, max-video-preview:-1\" \/>\n<link rel=\"canonical\" href=\"https:\/\/www.gmg.cat\/es\/gmg-concluye-los-trabajos-de-adecuacion-del-cap-la-pau\/\" \/>\n<meta property=\"og:locale\" content=\"es_ES\" \/>\n<meta property=\"og:type\" content=\"article\" \/>\n<meta property=\"og:title\" content=\"GMG concluye los trabajos de adecuaci\u00f3n del CAP La Pau - GMG\" \/>\n<meta property=\"og:description\" content=\"Como parte de un trabajo encargado por el \u00e1rea de Infraestructuras del Instituto Catal\u00e1n de la Salud, el equipo t\u00e9cnico de GMG ha desarrollado el proyecto, la direcci\u00f3n ejecutiva de obras y las legalizaciones del Centro de Atenci\u00f3n Primaria La Pau de Barcelona. El trabajo en su conjunto se ha desarrollado durante 9 meses y&hellip; Seguir leyendo GMG concluye los trabajos de adecuaci\u00f3n del CAP La Pau\" \/>\n<meta property=\"og:url\" content=\"https:\/\/www.gmg.cat\/es\/gmg-concluye-los-trabajos-de-adecuacion-del-cap-la-pau\/\" \/>\n<meta property=\"og:site_name\" content=\"GMG\" \/>\n<meta property=\"article:published_time\" content=\"2024-11-22T08:58:21+00:00\" \/>\n<meta property=\"article:modified_time\" content=\"2024-11-22T08:58:24+00:00\" \/>\n<meta property=\"og:image\" content=\"https:\/\/www.gmg.cat\/wp-content\/uploads\/2024\/11\/2-scaled.jpg\" \/>\n\t<meta property=\"og:image:width\" content=\"1759\" \/>\n\t<meta property=\"og:image:height\" content=\"2560\" \/>\n\t<meta property=\"og:image:type\" content=\"image\/jpeg\" \/>\n<meta name=\"author\" content=\"GMG\" \/>\n<meta name=\"twitter:card\" content=\"summary_large_image\" \/>\n<meta name=\"twitter:label1\" content=\"Escrito por\" \/>\n\t<meta name=\"twitter:data1\" content=\"GMG\" \/>\n\t<meta name=\"twitter:label2\" content=\"Tiempo de lectura\" \/>\n\t<meta name=\"twitter:data2\" content=\"2 minutos\" \/>\n<script type=\"application\/ld+json\" class=\"yoast-schema-graph\">{\"@context\":\"https:\/\/schema.org\",\"@graph\":[{\"@type\":\"WebPage\",\"@id\":\"https:\/\/www.gmg.cat\/es\/gmg-concluye-los-trabajos-de-adecuacion-del-cap-la-pau\/\",\"url\":\"https:\/\/www.gmg.cat\/es\/gmg-concluye-los-trabajos-de-adecuacion-del-cap-la-pau\/\",\"name\":\"GMG concluye los trabajos de adecuaci\u00f3n del CAP La Pau - GMG\",\"isPartOf\":{\"@id\":\"https:\/\/www.gmg.cat\/es\/#website\"},\"datePublished\":\"2024-11-22T08:58:21+00:00\",\"dateModified\":\"2024-11-22T08:58:24+00:00\",\"author\":{\"@id\":\"https:\/\/www.gmg.cat\/es\/#\/schema\/person\/17a33fd03cd5b219b6ec1b6c43a13970\"},\"inLanguage\":\"es\",\"potentialAction\":[{\"@type\":\"ReadAction\",\"target\":[\"https:\/\/www.gmg.cat\/es\/gmg-concluye-los-trabajos-de-adecuacion-del-cap-la-pau\/\"]}]},{\"@type\":\"WebSite\",\"@id\":\"https:\/\/www.gmg.cat\/es\/#website\",\"url\":\"https:\/\/www.gmg.cat\/es\/\",\"name\":\"GMG\",\"description\":\"\",\"potentialAction\":[{\"@type\":\"SearchAction\",\"target\":{\"@type\":\"EntryPoint\",\"urlTemplate\":\"https:\/\/www.gmg.cat\/es\/?s={search_term_string}\"},\"query-input\":\"required name=search_term_string\"}],\"inLanguage\":\"es\"},{\"@type\":\"Person\",\"@id\":\"https:\/\/www.gmg.cat\/es\/#\/schema\/person\/17a33fd03cd5b219b6ec1b6c43a13970\",\"name\":\"GMG\",\"image\":{\"@type\":\"ImageObject\",\"inLanguage\":\"es\",\"@id\":\"https:\/\/www.gmg.cat\/es\/#\/schema\/person\/image\/\",\"url\":\"https:\/\/secure.gravatar.com\/avatar\/0b8a1419dc47166c17dcd8cf40c0d8020373c1488d8468255c90706af3b3630f?s=96&d=mm&r=g\",\"contentUrl\":\"https:\/\/secure.gravatar.com\/avatar\/0b8a1419dc47166c17dcd8cf40c0d8020373c1488d8468255c90706af3b3630f?s=96&d=mm&r=g\",\"caption\":\"GMG\"},\"url\":\"https:\/\/www.gmg.cat\/es\/author\/gmg\/\"}]}<\/script>\n<!-- \/ Yoast SEO plugin. -->","yoast_head_json":{"title":"GMG concluye los trabajos de adecuaci\u00f3n del CAP La Pau - GMG","robots":{"index":"index","follow":"follow","max-snippet":"max-snippet:-1","max-image-preview":"max-image-preview:large","max-video-preview":"max-video-preview:-1"},"canonical":"https:\/\/www.gmg.cat\/es\/gmg-concluye-los-trabajos-de-adecuacion-del-cap-la-pau\/","og_locale":"es_ES","og_type":"article","og_title":"GMG concluye los trabajos de adecuaci\u00f3n del CAP La Pau - GMG","og_description":"Como parte de un trabajo encargado por el \u00e1rea de Infraestructuras del Instituto Catal\u00e1n de la Salud, el equipo t\u00e9cnico de GMG ha desarrollado el proyecto, la direcci\u00f3n ejecutiva de obras y las legalizaciones del Centro de Atenci\u00f3n Primaria La Pau de Barcelona. El trabajo en su conjunto se ha desarrollado durante 9 meses y&hellip; Seguir leyendo GMG concluye los trabajos de adecuaci\u00f3n del CAP La Pau","og_url":"https:\/\/www.gmg.cat\/es\/gmg-concluye-los-trabajos-de-adecuacion-del-cap-la-pau\/","og_site_name":"GMG","article_published_time":"2024-11-22T08:58:21+00:00","article_modified_time":"2024-11-22T08:58:24+00:00","og_image":[{"width":1759,"height":2560,"url":"https:\/\/www.gmg.cat\/wp-content\/uploads\/2024\/11\/2-scaled.jpg","type":"image\/jpeg"}],"author":"GMG","twitter_card":"summary_large_image","twitter_misc":{"Escrito por":"GMG","Tiempo de lectura":"2 minutos"},"schema":{"@context":"https:\/\/schema.org","@graph":[{"@type":"WebPage","@id":"https:\/\/www.gmg.cat\/es\/gmg-concluye-los-trabajos-de-adecuacion-del-cap-la-pau\/","url":"https:\/\/www.gmg.cat\/es\/gmg-concluye-los-trabajos-de-adecuacion-del-cap-la-pau\/","name":"GMG concluye los trabajos de adecuaci\u00f3n del CAP La Pau - GMG","isPartOf":{"@id":"https:\/\/www.gmg.cat\/es\/#website"},"datePublished":"2024-11-22T08:58:21+00:00","dateModified":"2024-11-22T08:58:24+00:00","author":{"@id":"https:\/\/www.gmg.cat\/es\/#\/schema\/person\/17a33fd03cd5b219b6ec1b6c43a13970"},"inLanguage":"es","potentialAction":[{"@type":"ReadAction","target":["https:\/\/www.gmg.cat\/es\/gmg-concluye-los-trabajos-de-adecuacion-del-cap-la-pau\/"]}]},{"@type":"WebSite","@id":"https:\/\/www.gmg.cat\/es\/#website","url":"https:\/\/www.gmg.cat\/es\/","name":"GMG","description":"","potentialAction":[{"@type":"SearchAction","target":{"@type":"EntryPoint","urlTemplate":"https:\/\/www.gmg.cat\/es\/?s={search_term_string}"},"query-input":"required name=search_term_string"}],"inLanguage":"es"},{"@type":"Person","@id":"https:\/\/www.gmg.cat\/es\/#\/schema\/person\/17a33fd03cd5b219b6ec1b6c43a13970","name":"GMG","image":{"@type":"ImageObject","inLanguage":"es","@id":"https:\/\/www.gmg.cat\/es\/#\/schema\/person\/image\/","url":"https:\/\/secure.gravatar.com\/avatar\/0b8a1419dc47166c17dcd8cf40c0d8020373c1488d8468255c90706af3b3630f?s=96&d=mm&r=g","contentUrl":"https:\/\/secure.gravatar.com\/avatar\/0b8a1419dc47166c17dcd8cf40c0d8020373c1488d8468255c90706af3b3630f?s=96&d=mm&r=g","caption":"GMG"},"url":"https:\/\/www.gmg.cat\/es\/author\/gmg\/"}]}},"_links":{"self":[{"href":"https:\/\/www.gmg.cat\/es\/wp-json\/wp\/v2\/posts\/14059","targetHints":{"allow":["GET"]}}],"collection":[{"href":"https:\/\/www.gmg.cat\/es\/wp-json\/wp\/v2\/posts"}],"about":[{"href":"https:\/\/www.gmg.cat\/es\/wp-json\/wp\/v2\/types\/post"}],"author":[{"embeddable":true,"href":"https:\/\/www.gmg.cat\/es\/wp-json\/wp\/v2\/users\/3"}],"replies":[{"embeddable":true,"href":"https:\/\/www.gmg.cat\/es\/wp-json\/wp\/v2\/comments?post=14059"}],"version-history":[{"count":2,"href":"https:\/\/www.gmg.cat\/es\/wp-json\/wp\/v2\/posts\/14059\/revisions"}],"predecessor-version":[{"id":14061,"href":"https:\/\/www.gmg.cat\/es\/wp-json\/wp\/v2\/posts\/14059\/revisions\/14061"}],"wp:featuredmedia":[{"embeddable":true,"href":"https:\/\/www.gmg.cat\/es\/wp-json\/wp\/v2\/media\/13992"}],"wp:attachment":[{"href":"https:\/\/www.gmg.cat\/es\/wp-json\/wp\/v2\/media?parent=14059"}],"wp:term":[{"taxonomy":"category","embeddable":true,"href":"https:\/\/www.gmg.cat\/es\/wp-json\/wp\/v2\/categories?post=14059"},{"taxonomy":"post_tag","embeddable":true,"href":"https:\/\/www.gmg.cat\/es\/wp-json\/wp\/v2\/tags?post=14059"}],"curies":[{"name":"wp","href":"https:\/\/api.w.org\/{rel}","templated":true}]}}