{"id":16053,"date":"2025-03-27T14:12:00","date_gmt":"2025-03-27T13:12:00","guid":{"rendered":"https:\/\/www.gmg.cat\/?p=16053"},"modified":"2025-03-28T09:35:18","modified_gmt":"2025-03-28T08:35:18","slug":"gmg-finaliza-las-obras-de-una-promocion-de-15-viviendas-en-la-avenida-de-bejar-terrassa","status":"publish","type":"post","link":"https:\/\/www.gmg.cat\/es\/gmg-finaliza-las-obras-de-una-promocion-de-15-viviendas-en-la-avenida-de-bejar-terrassa\/","title":{"rendered":"GMG finaliza las obras de una promoci\u00f3n de 15 viviendas en la Avenida de B\u00e9jar, Terrassa"},"content":{"rendered":"\n<p>La promotora ARMAT HABITAT, con sede en Barcelona, \u200b\u200bha completado en enero de 2025 la construcci\u00f3n de dos bloques plurifamiliares de 6 y 9 viviendas respectivamente, situadas en el sector de Can Roca I, en la esquina entre la Avenida de B\u00e9jar y la calle Dibuixant Avellaneda, en Terrassa.<\/p>\n\n\n\n<p>El solar cuenta con una calificaci\u00f3n urban\u00edstica A4, \u00abisla abierta\u00bb, que preve\u00eda la implantaci\u00f3n de dos edificios separados por 12 metros y conectados mediante aparcamiento s\u00f3tano. La promoci\u00f3n suma un total de 2.520 m2 construidos y ha sido concebida para integrarse arm\u00f3nicamente en el entorno urbano, respetando la normativa vigente y favoreciendo la calidad de vida de los futuros residentes.<\/p>\n\n\n\n<p>El bloque de 9 viviendas (PB+3) est\u00e1 destinado a la venta e incluye tambi\u00e9n 2 locales comerciales en planta baja. El bloque de 6 viviendas (PB+2) se destinar\u00e1 al alquiler. El aparcamiento subterr\u00e1neo dispone de 22 plazas y 15 trasteros.<\/p>\n\n\n\n<p>Las viviendas, de 2 (6 unidades), 3 (5 unidades) y 4 dormitorios (4 unidades), han sido dise\u00f1adas con una distribuci\u00f3n funcional y eficiente, garantizando una \u00f3ptima entrada de luz natural y ventilaci\u00f3n. Todos son pasantes y cuentan con terraza o patio, as\u00ed como acabados de alta calidad que priorizan el confort y la durabilidad.<\/p>\n\n\n\n<p>A nivel de eficiencia energ\u00e9tica, la promoci\u00f3n ha obtenido la m\u00e1xima calificaci\u00f3n (A en consumo y A en emisiones de CO\u2082), gracias al elevado grado de aislamiento t\u00e9rmico de la envolvente (fachada con SATE), la calidad de la carpinter\u00eda exterior y la eficiencia del sistema de aerotermia h\u00edbrida centralizada con la aerotermia h\u00edbrida centralizada. Este enfoque, junto con la instalaci\u00f3n de placas fotovoltaicas en la cubierta, permite una reducci\u00f3n significativa del consumo energ\u00e9tico y mejora del confort t\u00e9rmico durante todo el a\u00f1o.<\/p>\n\n\n\n<p>En GMG, apostamos por proyectos que combinan innovaci\u00f3n, calidad y sostenibilidad. Agradecemos a ARMAT HABITAT su confianza en nuestro equipo t\u00e9cnico y esperamos seguir colaborando en futuros proyectos.<\/p>\n","protected":false},"excerpt":{"rendered":"<p>La promotora ARMAT HABITAT, con sede en Barcelona, \u200b\u200bha completado en enero de 2025 la construcci\u00f3n de dos bloques plurifamiliares de 6 y 9 viviendas respectivamente, situadas en el sector de Can Roca I, en la esquina entre la Avenida de B\u00e9jar y la calle Dibuixant Avellaneda, en Terrassa. El solar cuenta con una calificaci\u00f3n&hellip; <a class=\"more-link\" href=\"https:\/\/www.gmg.cat\/es\/gmg-finaliza-las-obras-de-una-promocion-de-15-viviendas-en-la-avenida-de-bejar-terrassa\/\">Seguir leyendo <span class=\"screen-reader-text\">GMG finaliza las obras de una promoci\u00f3n de 15 viviendas en la Avenida de B\u00e9jar, Terrassa<\/span><\/a><\/p>\n","protected":false},"author":3,"featured_media":16000,"comment_status":"open","ping_status":"open","sticky":false,"template":"","format":"standard","meta":{"inline_featured_image":false,"footnotes":""},"categories":[1221,846,51],"tags":[],"class_list":["post-16053","post","type-post","status-publish","format-standard","has-post-thumbnail","hentry","category-arquitectura-es","category-edificacion","category-ingenieria","entry"],"acf":[],"yoast_head":"<!-- This site is optimized with the Yoast SEO plugin v21.5 - https:\/\/yoast.com\/wordpress\/plugins\/seo\/ -->\n<title>GMG finaliza las obras de una promoci\u00f3n de 15 viviendas en la Avenida de B\u00e9jar, Terrassa - GMG<\/title>\n<meta name=\"robots\" content=\"index, follow, max-snippet:-1, max-image-preview:large, max-video-preview:-1\" \/>\n<link rel=\"canonical\" href=\"https:\/\/www.gmg.cat\/es\/gmg-finaliza-las-obras-de-una-promocion-de-15-viviendas-en-la-avenida-de-bejar-terrassa\/\" \/>\n<meta property=\"og:locale\" content=\"es_ES\" \/>\n<meta property=\"og:type\" content=\"article\" \/>\n<meta property=\"og:title\" content=\"GMG finaliza las obras de una promoci\u00f3n de 15 viviendas en la Avenida de B\u00e9jar, Terrassa - GMG\" \/>\n<meta property=\"og:description\" content=\"La promotora ARMAT HABITAT, con sede en Barcelona, \u200b\u200bha completado en enero de 2025 la construcci\u00f3n de dos bloques plurifamiliares de 6 y 9 viviendas respectivamente, situadas en el sector de Can Roca I, en la esquina entre la Avenida de B\u00e9jar y la calle Dibuixant Avellaneda, en Terrassa. El solar cuenta con una calificaci\u00f3n&hellip; Seguir leyendo GMG finaliza las obras de una promoci\u00f3n de 15 viviendas en la Avenida de B\u00e9jar, Terrassa\" \/>\n<meta property=\"og:url\" content=\"https:\/\/www.gmg.cat\/es\/gmg-finaliza-las-obras-de-una-promocion-de-15-viviendas-en-la-avenida-de-bejar-terrassa\/\" \/>\n<meta property=\"og:site_name\" content=\"GMG\" \/>\n<meta property=\"article:published_time\" content=\"2025-03-27T13:12:00+00:00\" \/>\n<meta property=\"article:modified_time\" content=\"2025-03-28T08:35:18+00:00\" \/>\n<meta property=\"og:image\" content=\"https:\/\/www.gmg.cat\/wp-content\/uploads\/2025\/03\/IMG_0262r-scaled.jpg\" \/>\n\t<meta property=\"og:image:width\" content=\"2560\" \/>\n\t<meta property=\"og:image:height\" content=\"1707\" \/>\n\t<meta property=\"og:image:type\" content=\"image\/jpeg\" \/>\n<meta name=\"author\" content=\"GMG\" \/>\n<meta name=\"twitter:card\" content=\"summary_large_image\" \/>\n<meta name=\"twitter:label1\" content=\"Escrito por\" \/>\n\t<meta name=\"twitter:data1\" content=\"GMG\" \/>\n\t<meta name=\"twitter:label2\" content=\"Tiempo de lectura\" \/>\n\t<meta name=\"twitter:data2\" content=\"2 minutos\" \/>\n<script type=\"application\/ld+json\" class=\"yoast-schema-graph\">{\"@context\":\"https:\/\/schema.org\",\"@graph\":[{\"@type\":\"WebPage\",\"@id\":\"https:\/\/www.gmg.cat\/es\/gmg-finaliza-las-obras-de-una-promocion-de-15-viviendas-en-la-avenida-de-bejar-terrassa\/\",\"url\":\"https:\/\/www.gmg.cat\/es\/gmg-finaliza-las-obras-de-una-promocion-de-15-viviendas-en-la-avenida-de-bejar-terrassa\/\",\"name\":\"GMG finaliza las obras de una promoci\u00f3n de 15 viviendas en la Avenida de B\u00e9jar, Terrassa - GMG\",\"isPartOf\":{\"@id\":\"https:\/\/www.gmg.cat\/es\/#website\"},\"datePublished\":\"2025-03-27T13:12:00+00:00\",\"dateModified\":\"2025-03-28T08:35:18+00:00\",\"author\":{\"@id\":\"https:\/\/www.gmg.cat\/es\/#\/schema\/person\/17a33fd03cd5b219b6ec1b6c43a13970\"},\"inLanguage\":\"es\",\"potentialAction\":[{\"@type\":\"ReadAction\",\"target\":[\"https:\/\/www.gmg.cat\/es\/gmg-finaliza-las-obras-de-una-promocion-de-15-viviendas-en-la-avenida-de-bejar-terrassa\/\"]}]},{\"@type\":\"WebSite\",\"@id\":\"https:\/\/www.gmg.cat\/es\/#website\",\"url\":\"https:\/\/www.gmg.cat\/es\/\",\"name\":\"GMG\",\"description\":\"\",\"potentialAction\":[{\"@type\":\"SearchAction\",\"target\":{\"@type\":\"EntryPoint\",\"urlTemplate\":\"https:\/\/www.gmg.cat\/es\/?s={search_term_string}\"},\"query-input\":\"required name=search_term_string\"}],\"inLanguage\":\"es\"},{\"@type\":\"Person\",\"@id\":\"https:\/\/www.gmg.cat\/es\/#\/schema\/person\/17a33fd03cd5b219b6ec1b6c43a13970\",\"name\":\"GMG\",\"image\":{\"@type\":\"ImageObject\",\"inLanguage\":\"es\",\"@id\":\"https:\/\/www.gmg.cat\/es\/#\/schema\/person\/image\/\",\"url\":\"https:\/\/secure.gravatar.com\/avatar\/0b8a1419dc47166c17dcd8cf40c0d8020373c1488d8468255c90706af3b3630f?s=96&d=mm&r=g\",\"contentUrl\":\"https:\/\/secure.gravatar.com\/avatar\/0b8a1419dc47166c17dcd8cf40c0d8020373c1488d8468255c90706af3b3630f?s=96&d=mm&r=g\",\"caption\":\"GMG\"},\"url\":\"https:\/\/www.gmg.cat\/es\/author\/gmg\/\"}]}<\/script>\n<!-- \/ Yoast SEO plugin. -->","yoast_head_json":{"title":"GMG finaliza las obras de una promoci\u00f3n de 15 viviendas en la Avenida de B\u00e9jar, Terrassa - GMG","robots":{"index":"index","follow":"follow","max-snippet":"max-snippet:-1","max-image-preview":"max-image-preview:large","max-video-preview":"max-video-preview:-1"},"canonical":"https:\/\/www.gmg.cat\/es\/gmg-finaliza-las-obras-de-una-promocion-de-15-viviendas-en-la-avenida-de-bejar-terrassa\/","og_locale":"es_ES","og_type":"article","og_title":"GMG finaliza las obras de una promoci\u00f3n de 15 viviendas en la Avenida de B\u00e9jar, Terrassa - GMG","og_description":"La promotora ARMAT HABITAT, con sede en Barcelona, \u200b\u200bha completado en enero de 2025 la construcci\u00f3n de dos bloques plurifamiliares de 6 y 9 viviendas respectivamente, situadas en el sector de Can Roca I, en la esquina entre la Avenida de B\u00e9jar y la calle Dibuixant Avellaneda, en Terrassa. El solar cuenta con una calificaci\u00f3n&hellip; Seguir leyendo GMG finaliza las obras de una promoci\u00f3n de 15 viviendas en la Avenida de B\u00e9jar, Terrassa","og_url":"https:\/\/www.gmg.cat\/es\/gmg-finaliza-las-obras-de-una-promocion-de-15-viviendas-en-la-avenida-de-bejar-terrassa\/","og_site_name":"GMG","article_published_time":"2025-03-27T13:12:00+00:00","article_modified_time":"2025-03-28T08:35:18+00:00","og_image":[{"width":2560,"height":1707,"url":"https:\/\/www.gmg.cat\/wp-content\/uploads\/2025\/03\/IMG_0262r-scaled.jpg","type":"image\/jpeg"}],"author":"GMG","twitter_card":"summary_large_image","twitter_misc":{"Escrito por":"GMG","Tiempo de lectura":"2 minutos"},"schema":{"@context":"https:\/\/schema.org","@graph":[{"@type":"WebPage","@id":"https:\/\/www.gmg.cat\/es\/gmg-finaliza-las-obras-de-una-promocion-de-15-viviendas-en-la-avenida-de-bejar-terrassa\/","url":"https:\/\/www.gmg.cat\/es\/gmg-finaliza-las-obras-de-una-promocion-de-15-viviendas-en-la-avenida-de-bejar-terrassa\/","name":"GMG finaliza las obras de una promoci\u00f3n de 15 viviendas en la Avenida de B\u00e9jar, Terrassa - GMG","isPartOf":{"@id":"https:\/\/www.gmg.cat\/es\/#website"},"datePublished":"2025-03-27T13:12:00+00:00","dateModified":"2025-03-28T08:35:18+00:00","author":{"@id":"https:\/\/www.gmg.cat\/es\/#\/schema\/person\/17a33fd03cd5b219b6ec1b6c43a13970"},"inLanguage":"es","potentialAction":[{"@type":"ReadAction","target":["https:\/\/www.gmg.cat\/es\/gmg-finaliza-las-obras-de-una-promocion-de-15-viviendas-en-la-avenida-de-bejar-terrassa\/"]}]},{"@type":"WebSite","@id":"https:\/\/www.gmg.cat\/es\/#website","url":"https:\/\/www.gmg.cat\/es\/","name":"GMG","description":"","potentialAction":[{"@type":"SearchAction","target":{"@type":"EntryPoint","urlTemplate":"https:\/\/www.gmg.cat\/es\/?s={search_term_string}"},"query-input":"required name=search_term_string"}],"inLanguage":"es"},{"@type":"Person","@id":"https:\/\/www.gmg.cat\/es\/#\/schema\/person\/17a33fd03cd5b219b6ec1b6c43a13970","name":"GMG","image":{"@type":"ImageObject","inLanguage":"es","@id":"https:\/\/www.gmg.cat\/es\/#\/schema\/person\/image\/","url":"https:\/\/secure.gravatar.com\/avatar\/0b8a1419dc47166c17dcd8cf40c0d8020373c1488d8468255c90706af3b3630f?s=96&d=mm&r=g","contentUrl":"https:\/\/secure.gravatar.com\/avatar\/0b8a1419dc47166c17dcd8cf40c0d8020373c1488d8468255c90706af3b3630f?s=96&d=mm&r=g","caption":"GMG"},"url":"https:\/\/www.gmg.cat\/es\/author\/gmg\/"}]}},"_links":{"self":[{"href":"https:\/\/www.gmg.cat\/es\/wp-json\/wp\/v2\/posts\/16053","targetHints":{"allow":["GET"]}}],"collection":[{"href":"https:\/\/www.gmg.cat\/es\/wp-json\/wp\/v2\/posts"}],"about":[{"href":"https:\/\/www.gmg.cat\/es\/wp-json\/wp\/v2\/types\/post"}],"author":[{"embeddable":true,"href":"https:\/\/www.gmg.cat\/es\/wp-json\/wp\/v2\/users\/3"}],"replies":[{"embeddable":true,"href":"https:\/\/www.gmg.cat\/es\/wp-json\/wp\/v2\/comments?post=16053"}],"version-history":[{"count":4,"href":"https:\/\/www.gmg.cat\/es\/wp-json\/wp\/v2\/posts\/16053\/revisions"}],"predecessor-version":[{"id":16071,"href":"https:\/\/www.gmg.cat\/es\/wp-json\/wp\/v2\/posts\/16053\/revisions\/16071"}],"wp:featuredmedia":[{"embeddable":true,"href":"https:\/\/www.gmg.cat\/es\/wp-json\/wp\/v2\/media\/16000"}],"wp:attachment":[{"href":"https:\/\/www.gmg.cat\/es\/wp-json\/wp\/v2\/media?parent=16053"}],"wp:term":[{"taxonomy":"category","embeddable":true,"href":"https:\/\/www.gmg.cat\/es\/wp-json\/wp\/v2\/categories?post=16053"},{"taxonomy":"post_tag","embeddable":true,"href":"https:\/\/www.gmg.cat\/es\/wp-json\/wp\/v2\/tags?post=16053"}],"curies":[{"name":"wp","href":"https:\/\/api.w.org\/{rel}","templated":true}]}}