{"id":18763,"date":"2025-07-23T13:04:05","date_gmt":"2025-07-23T11:04:05","guid":{"rendered":"https:\/\/www.gmg.cat\/?p=18763"},"modified":"2025-07-23T13:04:08","modified_gmt":"2025-07-23T11:04:08","slug":"gmg-en-el-cerro-del-mauberme-la-cima-tendra-que-esperar","status":"publish","type":"post","link":"https:\/\/www.gmg.cat\/es\/gmg-en-el-cerro-del-mauberme-la-cima-tendra-que-esperar\/","title":{"rendered":"GMG en el Cerro del Mauberme. La cima tendr\u00e1 que esperar"},"content":{"rendered":"\n<p>El pasado 16 de mayo, GMG est\u00e1bamos en el Valle de Aran con el objetivo de subir el Tuc del Mauberme, (2.880 m). Una gran conchesta de nieve en el camino de Liat, nos cerr\u00f3 el paso en coche poco despu\u00e9s de la caba\u00f1a de Calhaus, empezando la excursi\u00f3n unos metros m\u00e1s abajo de lo que preve\u00edamos. Despu\u00e9s de los primeros 300 metros de desnivel, las fuertes nevadas que cayeron a principios de primavera todav\u00eda cubr\u00edan todo el camino sin ning\u00fan rastro visible, as\u00ed que nos calzamos las raquetas para poder avanzar con mayor comodidad.<\/p>\n\n\n\n<p>La ruta escogida planea hasta el lago de Montoliu, todav\u00eda helado y cubierto de una buena capa de nieve, pero con avisos de deshielo en algunos puntos que hacen poco recomendable intentar atravesarlo de por medio. Una vez bordeado el lago, el camino empieza a ganar pendiente y sube hacia el collado de Mauberme.<\/p>\n\n\n\n<p>Llegados a 2.700 metros, en el punto donde se separa la ruta circular, ya vemos la pala de fuerte pendiente y sin rastro visible que lleva hasta la cresta. Es una pala encarada a poniente con mucha inclinaci\u00f3n y muy llena de nieve, que pide cambiar las raquetas por los crampones que llevamos en la mochila. Sabemos que hace d\u00edas que no nieva y ha llovido, la nieve est\u00e1 bien asentada y no hay peligro de aludes. Sentamos, nos quitamos las raquetas y empieza el debate mientras comemos el bocadillo: qu\u00e9 hacemos, subimos o no subimos.<\/p>\n\n\n\n<p>Hab\u00edamos cometido dos errores. La primera es que no cogimos los piolets, imprescindibles para encarar una pala nevada como \u00e9sta con seguridad. La segunda es que vamos m\u00e1s tarde de lo que deber\u00edamos, el tiempo est\u00e1 cambiando y la cima se ha tapado. Del grupo de cuatro, dos con ganas de intentarlo y dos que no. Como suele ocurrir en estas situaciones, los que ya tienen suficiente animan a los dem\u00e1s a continuar. Pero llegados a este punto, la experiencia nos dice que la buena decisi\u00f3n es no separar nunca al grupo e ir todos a una.<\/p>\n\n\n\n<p>Por tanto, decimos hasta pronto en el Tuc de Mauberme y empezamos la bajada. Intentamos la circular pero al ver que el camino se alarga mucho y amenaza un cambio de tiempo, retrocedemos, volvemos a subir y buscamos la traza de subida. Finalmente terminamos en Viella, descansando sentados en una terraza de bar, con una cerveza bien fr\u00eda y algo para hacer pasar el apetito, mientras comentamos la excursi\u00f3n y ponemos fechas para volver a intentarlo. Mauberme volveremos. <\/p>\n\n\n\n<p>En GMG continuaremos subiendo monta\u00f1as.<\/p>\n","protected":false},"excerpt":{"rendered":"<p>El pasado 16 de mayo, GMG est\u00e1bamos en el Valle de Aran con el objetivo de subir el Tuc del Mauberme, (2.880 m). Una gran conchesta de nieve en el camino de Liat, nos cerr\u00f3 el paso en coche poco despu\u00e9s de la caba\u00f1a de Calhaus, empezando la excursi\u00f3n unos metros m\u00e1s abajo de lo&hellip; <a class=\"more-link\" href=\"https:\/\/www.gmg.cat\/es\/gmg-en-el-cerro-del-mauberme-la-cima-tendra-que-esperar\/\">Seguir leyendo <span class=\"screen-reader-text\">GMG en el Cerro del Mauberme. La cima tendr\u00e1 que esperar<\/span><\/a><\/p>\n","protected":false},"author":3,"featured_media":18687,"comment_status":"open","ping_status":"open","sticky":false,"template":"","format":"standard","meta":{"inline_featured_image":false,"footnotes":""},"categories":[28],"tags":[485,598],"class_list":["post-18763","post","type-post","status-publish","format-standard","has-post-thumbnail","hentry","category-otras","tag-arquitectura-es","tag-gmg-es","entry"],"acf":[],"yoast_head":"<!-- This site is optimized with the Yoast SEO plugin v21.5 - https:\/\/yoast.com\/wordpress\/plugins\/seo\/ -->\n<title>GMG en el Cerro del Mauberme. La cima tendr\u00e1 que esperar - GMG<\/title>\n<meta name=\"robots\" content=\"index, follow, max-snippet:-1, max-image-preview:large, max-video-preview:-1\" \/>\n<link rel=\"canonical\" href=\"https:\/\/www.gmg.cat\/es\/gmg-en-el-cerro-del-mauberme-la-cima-tendra-que-esperar\/\" \/>\n<meta property=\"og:locale\" content=\"es_ES\" \/>\n<meta property=\"og:type\" content=\"article\" \/>\n<meta property=\"og:title\" content=\"GMG en el Cerro del Mauberme. La cima tendr\u00e1 que esperar - GMG\" \/>\n<meta property=\"og:description\" content=\"El pasado 16 de mayo, GMG est\u00e1bamos en el Valle de Aran con el objetivo de subir el Tuc del Mauberme, (2.880 m). Una gran conchesta de nieve en el camino de Liat, nos cerr\u00f3 el paso en coche poco despu\u00e9s de la caba\u00f1a de Calhaus, empezando la excursi\u00f3n unos metros m\u00e1s abajo de lo&hellip; Seguir leyendo GMG en el Cerro del Mauberme. La cima tendr\u00e1 que esperar\" \/>\n<meta property=\"og:url\" content=\"https:\/\/www.gmg.cat\/es\/gmg-en-el-cerro-del-mauberme-la-cima-tendra-que-esperar\/\" \/>\n<meta property=\"og:site_name\" content=\"GMG\" \/>\n<meta property=\"article:published_time\" content=\"2025-07-23T11:04:05+00:00\" \/>\n<meta property=\"article:modified_time\" content=\"2025-07-23T11:04:08+00:00\" \/>\n<meta property=\"og:image\" content=\"https:\/\/www.gmg.cat\/wp-content\/uploads\/2025\/07\/PHOTO-2025-05-16-16-32-21-14.jpg\" \/>\n\t<meta property=\"og:image:width\" content=\"1600\" \/>\n\t<meta property=\"og:image:height\" content=\"1200\" \/>\n\t<meta property=\"og:image:type\" content=\"image\/jpeg\" \/>\n<meta name=\"author\" content=\"GMG\" \/>\n<meta name=\"twitter:card\" content=\"summary_large_image\" \/>\n<meta name=\"twitter:label1\" content=\"Escrito por\" \/>\n\t<meta name=\"twitter:data1\" content=\"GMG\" \/>\n\t<meta name=\"twitter:label2\" content=\"Tiempo de lectura\" \/>\n\t<meta name=\"twitter:data2\" content=\"3 minutos\" \/>\n<script type=\"application\/ld+json\" class=\"yoast-schema-graph\">{\"@context\":\"https:\/\/schema.org\",\"@graph\":[{\"@type\":\"WebPage\",\"@id\":\"https:\/\/www.gmg.cat\/es\/gmg-en-el-cerro-del-mauberme-la-cima-tendra-que-esperar\/\",\"url\":\"https:\/\/www.gmg.cat\/es\/gmg-en-el-cerro-del-mauberme-la-cima-tendra-que-esperar\/\",\"name\":\"GMG en el Cerro del Mauberme. La cima tendr\u00e1 que esperar - GMG\",\"isPartOf\":{\"@id\":\"https:\/\/www.gmg.cat\/es\/#website\"},\"datePublished\":\"2025-07-23T11:04:05+00:00\",\"dateModified\":\"2025-07-23T11:04:08+00:00\",\"author\":{\"@id\":\"https:\/\/www.gmg.cat\/es\/#\/schema\/person\/17a33fd03cd5b219b6ec1b6c43a13970\"},\"inLanguage\":\"es\",\"potentialAction\":[{\"@type\":\"ReadAction\",\"target\":[\"https:\/\/www.gmg.cat\/es\/gmg-en-el-cerro-del-mauberme-la-cima-tendra-que-esperar\/\"]}]},{\"@type\":\"WebSite\",\"@id\":\"https:\/\/www.gmg.cat\/es\/#website\",\"url\":\"https:\/\/www.gmg.cat\/es\/\",\"name\":\"GMG\",\"description\":\"\",\"potentialAction\":[{\"@type\":\"SearchAction\",\"target\":{\"@type\":\"EntryPoint\",\"urlTemplate\":\"https:\/\/www.gmg.cat\/es\/?s={search_term_string}\"},\"query-input\":\"required name=search_term_string\"}],\"inLanguage\":\"es\"},{\"@type\":\"Person\",\"@id\":\"https:\/\/www.gmg.cat\/es\/#\/schema\/person\/17a33fd03cd5b219b6ec1b6c43a13970\",\"name\":\"GMG\",\"image\":{\"@type\":\"ImageObject\",\"inLanguage\":\"es\",\"@id\":\"https:\/\/www.gmg.cat\/es\/#\/schema\/person\/image\/\",\"url\":\"https:\/\/secure.gravatar.com\/avatar\/0b8a1419dc47166c17dcd8cf40c0d8020373c1488d8468255c90706af3b3630f?s=96&d=mm&r=g\",\"contentUrl\":\"https:\/\/secure.gravatar.com\/avatar\/0b8a1419dc47166c17dcd8cf40c0d8020373c1488d8468255c90706af3b3630f?s=96&d=mm&r=g\",\"caption\":\"GMG\"},\"url\":\"https:\/\/www.gmg.cat\/es\/author\/gmg\/\"}]}<\/script>\n<!-- \/ Yoast SEO plugin. -->","yoast_head_json":{"title":"GMG en el Cerro del Mauberme. La cima tendr\u00e1 que esperar - GMG","robots":{"index":"index","follow":"follow","max-snippet":"max-snippet:-1","max-image-preview":"max-image-preview:large","max-video-preview":"max-video-preview:-1"},"canonical":"https:\/\/www.gmg.cat\/es\/gmg-en-el-cerro-del-mauberme-la-cima-tendra-que-esperar\/","og_locale":"es_ES","og_type":"article","og_title":"GMG en el Cerro del Mauberme. La cima tendr\u00e1 que esperar - GMG","og_description":"El pasado 16 de mayo, GMG est\u00e1bamos en el Valle de Aran con el objetivo de subir el Tuc del Mauberme, (2.880 m). Una gran conchesta de nieve en el camino de Liat, nos cerr\u00f3 el paso en coche poco despu\u00e9s de la caba\u00f1a de Calhaus, empezando la excursi\u00f3n unos metros m\u00e1s abajo de lo&hellip; Seguir leyendo GMG en el Cerro del Mauberme. La cima tendr\u00e1 que esperar","og_url":"https:\/\/www.gmg.cat\/es\/gmg-en-el-cerro-del-mauberme-la-cima-tendra-que-esperar\/","og_site_name":"GMG","article_published_time":"2025-07-23T11:04:05+00:00","article_modified_time":"2025-07-23T11:04:08+00:00","og_image":[{"width":1600,"height":1200,"url":"https:\/\/www.gmg.cat\/wp-content\/uploads\/2025\/07\/PHOTO-2025-05-16-16-32-21-14.jpg","type":"image\/jpeg"}],"author":"GMG","twitter_card":"summary_large_image","twitter_misc":{"Escrito por":"GMG","Tiempo de lectura":"3 minutos"},"schema":{"@context":"https:\/\/schema.org","@graph":[{"@type":"WebPage","@id":"https:\/\/www.gmg.cat\/es\/gmg-en-el-cerro-del-mauberme-la-cima-tendra-que-esperar\/","url":"https:\/\/www.gmg.cat\/es\/gmg-en-el-cerro-del-mauberme-la-cima-tendra-que-esperar\/","name":"GMG en el Cerro del Mauberme. La cima tendr\u00e1 que esperar - GMG","isPartOf":{"@id":"https:\/\/www.gmg.cat\/es\/#website"},"datePublished":"2025-07-23T11:04:05+00:00","dateModified":"2025-07-23T11:04:08+00:00","author":{"@id":"https:\/\/www.gmg.cat\/es\/#\/schema\/person\/17a33fd03cd5b219b6ec1b6c43a13970"},"inLanguage":"es","potentialAction":[{"@type":"ReadAction","target":["https:\/\/www.gmg.cat\/es\/gmg-en-el-cerro-del-mauberme-la-cima-tendra-que-esperar\/"]}]},{"@type":"WebSite","@id":"https:\/\/www.gmg.cat\/es\/#website","url":"https:\/\/www.gmg.cat\/es\/","name":"GMG","description":"","potentialAction":[{"@type":"SearchAction","target":{"@type":"EntryPoint","urlTemplate":"https:\/\/www.gmg.cat\/es\/?s={search_term_string}"},"query-input":"required name=search_term_string"}],"inLanguage":"es"},{"@type":"Person","@id":"https:\/\/www.gmg.cat\/es\/#\/schema\/person\/17a33fd03cd5b219b6ec1b6c43a13970","name":"GMG","image":{"@type":"ImageObject","inLanguage":"es","@id":"https:\/\/www.gmg.cat\/es\/#\/schema\/person\/image\/","url":"https:\/\/secure.gravatar.com\/avatar\/0b8a1419dc47166c17dcd8cf40c0d8020373c1488d8468255c90706af3b3630f?s=96&d=mm&r=g","contentUrl":"https:\/\/secure.gravatar.com\/avatar\/0b8a1419dc47166c17dcd8cf40c0d8020373c1488d8468255c90706af3b3630f?s=96&d=mm&r=g","caption":"GMG"},"url":"https:\/\/www.gmg.cat\/es\/author\/gmg\/"}]}},"_links":{"self":[{"href":"https:\/\/www.gmg.cat\/es\/wp-json\/wp\/v2\/posts\/18763","targetHints":{"allow":["GET"]}}],"collection":[{"href":"https:\/\/www.gmg.cat\/es\/wp-json\/wp\/v2\/posts"}],"about":[{"href":"https:\/\/www.gmg.cat\/es\/wp-json\/wp\/v2\/types\/post"}],"author":[{"embeddable":true,"href":"https:\/\/www.gmg.cat\/es\/wp-json\/wp\/v2\/users\/3"}],"replies":[{"embeddable":true,"href":"https:\/\/www.gmg.cat\/es\/wp-json\/wp\/v2\/comments?post=18763"}],"version-history":[{"count":2,"href":"https:\/\/www.gmg.cat\/es\/wp-json\/wp\/v2\/posts\/18763\/revisions"}],"predecessor-version":[{"id":18767,"href":"https:\/\/www.gmg.cat\/es\/wp-json\/wp\/v2\/posts\/18763\/revisions\/18767"}],"wp:featuredmedia":[{"embeddable":true,"href":"https:\/\/www.gmg.cat\/es\/wp-json\/wp\/v2\/media\/18687"}],"wp:attachment":[{"href":"https:\/\/www.gmg.cat\/es\/wp-json\/wp\/v2\/media?parent=18763"}],"wp:term":[{"taxonomy":"category","embeddable":true,"href":"https:\/\/www.gmg.cat\/es\/wp-json\/wp\/v2\/categories?post=18763"},{"taxonomy":"post_tag","embeddable":true,"href":"https:\/\/www.gmg.cat\/es\/wp-json\/wp\/v2\/tags?post=18763"}],"curies":[{"name":"wp","href":"https:\/\/api.w.org\/{rel}","templated":true}]}}