{"id":6166,"date":"2012-01-17T09:53:39","date_gmt":"2012-01-17T08:53:39","guid":{"rendered":"http:\/\/blog.gmg.cat\/?p=166"},"modified":"2024-04-24T18:37:21","modified_gmt":"2024-04-24T16:37:21","slug":"gmg-redacta-el-proyecto-ejecutivo-de-mejora-de-la-urbanizacion-de-la-avenida-del-centenari-de-amadeu-vives-en-collbato","status":"publish","type":"post","link":"https:\/\/www.gmg.cat\/es\/gmg-redacta-el-proyecto-ejecutivo-de-mejora-de-la-urbanizacion-de-la-avenida-del-centenari-de-amadeu-vives-en-collbato\/","title":{"rendered":"GMG redacta el proyecto ejecutivo de mejora de la urbanizaci\u00f3n de la avenida del Centenari de Amadeu Vives, en Collbat\u00f3"},"content":{"rendered":"<p><strong>El proyecto permitir\u00e1 ejecutar las obras de reurbanizaci\u00f3n de una de las v\u00edas principales del municipio, para la que se obtuvo una subvenci\u00f3n de la Generalitat de Catalu\u00f1a en el marco de la convocatoria para <em>\u201cactuaciones de mejora paisaj\u00edstica de ramblas, paseos y avenidas arboladas de los municipios de Catalu\u00f1a\u201d.<\/em><\/strong><\/p>\n<p>El pasado mes de diciembre se entreg\u00f3 al Ayuntamiento de Collbat\u00f3 el proyecto ejecutivo para proceder a la licitaci\u00f3n de las obras. El objetivo principal del proyecto es transformar esta v\u00eda, de casi un kil\u00f3metro de longitud, en un eje c\u00edvico de acceso al casco antiguo, mejorar su imagen desde el punto de vista de paisaje urbano y adecuar su urbanizaci\u00f3n a las necesidades en materia de accesibilidad, seguridad y funcionalidad.<\/p>\n<p>La avenida del Centenari de Amadeu Vives es la \u00fanica calle de car\u00e1cter urbano que cruza la autov\u00eda y conecta en sus extremos los dos centros hist\u00f3ricos del municipio: el casco antiguo de Collbat\u00f3 y el n\u00facleo de la Font del C\u00f2dol. Adem\u00e1s, recoge equipamientos de gran importancia como el CEIP La Salut o la zona deportiva.<\/p>\n<p>El proyecto prev\u00e9 el soterramiento de la l\u00ednea el\u00e9ctrica de media tensi\u00f3n, rehacer las aceras ampli\u00e1ndolas e incorporando un carril bici, plantar tilos a ambos lados de la calle, unificar el mobiliario urbano y sustituir las farolas por un modelo m\u00e1s eficiente energ\u00e9ticamente.<\/p>\n<p>Se incorporan tambi\u00e9n distintas medidas para mejorar la movilidad y accesibilidad de personas y veh\u00edculos como cruces elevados, vados de peatones adaptados a la nueva normativa de accesibilidad, aparcamientos y vados de veh\u00edculos.<\/p>\n<div id='gallery-1' class='gallery galleryid-6166 gallery-columns-3 gallery-size-thumbnail'><figure class='gallery-item'>\n\t\t\t<div class='gallery-icon '>\n\t\t\t\t<a href='https:\/\/blog.gmg.cat\/wp-content\/uploads\/2012\/01\/Av.-Centenari-esquema-situaci\u00f3.jpg'>Av. Centenari-esquema situaci\u00f3<\/a>\n\t\t\t<\/div><\/figure><figure class='gallery-item'>\n\t\t\t<div class='gallery-icon landscape'>\n\t\t\t\t<a href='https:\/\/www.gmg.cat\/wp-content\/uploads\/2012\/01\/Av.-Centenari-croquis-executiu.jpg'><img loading=\"lazy\" decoding=\"async\" width=\"150\" height=\"150\" src=\"https:\/\/www.gmg.cat\/wp-content\/uploads\/2012\/01\/Av.-Centenari-croquis-executiu-150x150.jpg\" class=\"attachment-thumbnail size-thumbnail\" alt=\"\" style=\"width:100%;height:87.6%;max-width:1169px;\" \/><\/a>\n\t\t\t<\/div><\/figure><figure class='gallery-item'>\n\t\t\t<div class='gallery-icon '>\n\t\t\t\t<a href='https:\/\/blog.gmg.cat\/wp-content\/uploads\/2012\/01\/Av.-Centenari-croquis-executiu.jpg'>Av. Centenari-croquis executiu<\/a>\n\t\t\t<\/div><\/figure><figure class='gallery-item'>\n\t\t\t<div class='gallery-icon landscape'>\n\t\t\t\t<a href='https:\/\/www.gmg.cat\/wp-content\/uploads\/2012\/01\/Av.-Centenari-Proposta-cotes2.jpg'><img loading=\"lazy\" decoding=\"async\" width=\"150\" height=\"150\" src=\"https:\/\/www.gmg.cat\/wp-content\/uploads\/2012\/01\/Av.-Centenari-Proposta-cotes2-150x150.jpg\" class=\"attachment-thumbnail size-thumbnail\" alt=\"\" style=\"width:100%;height:24.42%;max-width:3837px;\" \/><\/a>\n\t\t\t<\/div><\/figure><figure class='gallery-item'>\n\t\t\t<div class='gallery-icon landscape'>\n\t\t\t\t<a href='https:\/\/www.gmg.cat\/wp-content\/uploads\/2012\/01\/Av.-Centenari-esquema-situaci\u00f3.jpg'><img loading=\"lazy\" decoding=\"async\" width=\"150\" height=\"150\" src=\"https:\/\/www.gmg.cat\/wp-content\/uploads\/2012\/01\/Av.-Centenari-esquema-situaci\u00f3-150x150.jpg\" class=\"attachment-thumbnail size-thumbnail\" alt=\"\" style=\"width:100%;height:64.67%;max-width:2482px;\" \/><\/a>\n\t\t\t<\/div><\/figure><figure class='gallery-item'>\n\t\t\t<div class='gallery-icon '>\n\t\t\t\t<a href='https:\/\/blog.gmg.cat\/wp-content\/uploads\/2012\/01\/Av.-Centenari-Proposta-cotes2.jpg'>Av. Centenari-Proposta cotes2<\/a>\n\t\t\t<\/div><\/figure>\n\t\t<\/div>\n\n","protected":false},"excerpt":{"rendered":"<p>El proyecto permitir\u00e1 ejecutar las obras de reurbanizaci\u00f3n de una de las v\u00edas principales del municipio, para la que se obtuvo una subvenci\u00f3n de la Generalitat de Catalu\u00f1a en el marco de la convocatoria para \u201cactuaciones de mejora paisaj\u00edstica de ramblas, paseos y avenidas arboladas de los municipios de Catalu\u00f1a\u201d. El pasado mes de diciembre&hellip; <a class=\"more-link\" href=\"https:\/\/www.gmg.cat\/es\/gmg-redacta-el-proyecto-ejecutivo-de-mejora-de-la-urbanizacion-de-la-avenida-del-centenari-de-amadeu-vives-en-collbato\/\">Seguir leyendo <span class=\"screen-reader-text\">GMG redacta el proyecto ejecutivo de mejora de la urbanizaci\u00f3n de la avenida del Centenari de Amadeu Vives, en Collbat\u00f3<\/span><\/a><\/p>\n","protected":false},"author":3,"featured_media":6167,"comment_status":"open","ping_status":"open","sticky":false,"template":"","format":"standard","meta":{"inline_featured_image":false,"footnotes":""},"categories":[45],"tags":[961,1045,747],"class_list":["post-6166","post","type-post","status-publish","format-standard","has-post-thumbnail","hentry","category-urbanismo","tag-mejora-de-la-mobilidad","tag-projecte-durbanitzacio-es","tag-proyecto-de-urbanizacion","entry"],"acf":[],"yoast_head":"<!-- This site is optimized with the Yoast SEO plugin v21.5 - https:\/\/yoast.com\/wordpress\/plugins\/seo\/ -->\n<title>GMG redacta el proyecto ejecutivo de mejora de la urbanizaci\u00f3n de la avenida del Centenari de Amadeu Vives, en Collbat\u00f3 - GMG<\/title>\n<meta name=\"robots\" content=\"index, follow, max-snippet:-1, max-image-preview:large, max-video-preview:-1\" \/>\n<link rel=\"canonical\" href=\"https:\/\/www.gmg.cat\/es\/gmg-redacta-el-proyecto-ejecutivo-de-mejora-de-la-urbanizacion-de-la-avenida-del-centenari-de-amadeu-vives-en-collbato\/\" \/>\n<meta property=\"og:locale\" content=\"es_ES\" \/>\n<meta property=\"og:type\" content=\"article\" \/>\n<meta property=\"og:title\" content=\"GMG redacta el proyecto ejecutivo de mejora de la urbanizaci\u00f3n de la avenida del Centenari de Amadeu Vives, en Collbat\u00f3 - GMG\" \/>\n<meta property=\"og:description\" content=\"El proyecto permitir\u00e1 ejecutar las obras de reurbanizaci\u00f3n de una de las v\u00edas principales del municipio, para la que se obtuvo una subvenci\u00f3n de la Generalitat de Catalu\u00f1a en el marco de la convocatoria para \u201cactuaciones de mejora paisaj\u00edstica de ramblas, paseos y avenidas arboladas de los municipios de Catalu\u00f1a\u201d. El pasado mes de diciembre&hellip; Seguir leyendo GMG redacta el proyecto ejecutivo de mejora de la urbanizaci\u00f3n de la avenida del Centenari de Amadeu Vives, en Collbat\u00f3\" \/>\n<meta property=\"og:url\" content=\"https:\/\/www.gmg.cat\/es\/gmg-redacta-el-proyecto-ejecutivo-de-mejora-de-la-urbanizacion-de-la-avenida-del-centenari-de-amadeu-vives-en-collbato\/\" \/>\n<meta property=\"og:site_name\" content=\"GMG\" \/>\n<meta property=\"article:published_time\" content=\"2012-01-17T08:53:39+00:00\" \/>\n<meta property=\"article:modified_time\" content=\"2024-04-24T16:37:21+00:00\" \/>\n<meta name=\"author\" content=\"GMG\" \/>\n<meta name=\"twitter:card\" content=\"summary_large_image\" \/>\n<meta name=\"twitter:label1\" content=\"Escrito por\" \/>\n\t<meta name=\"twitter:data1\" content=\"GMG\" \/>\n\t<meta name=\"twitter:label2\" content=\"Tiempo de lectura\" \/>\n\t<meta name=\"twitter:data2\" content=\"1 minuto\" \/>\n<script type=\"application\/ld+json\" class=\"yoast-schema-graph\">{\"@context\":\"https:\/\/schema.org\",\"@graph\":[{\"@type\":\"WebPage\",\"@id\":\"https:\/\/www.gmg.cat\/es\/gmg-redacta-el-proyecto-ejecutivo-de-mejora-de-la-urbanizacion-de-la-avenida-del-centenari-de-amadeu-vives-en-collbato\/\",\"url\":\"https:\/\/www.gmg.cat\/es\/gmg-redacta-el-proyecto-ejecutivo-de-mejora-de-la-urbanizacion-de-la-avenida-del-centenari-de-amadeu-vives-en-collbato\/\",\"name\":\"GMG redacta el proyecto ejecutivo de mejora de la urbanizaci\u00f3n de la avenida del Centenari de Amadeu Vives, en Collbat\u00f3 - GMG\",\"isPartOf\":{\"@id\":\"https:\/\/www.gmg.cat\/es\/#website\"},\"datePublished\":\"2012-01-17T08:53:39+00:00\",\"dateModified\":\"2024-04-24T16:37:21+00:00\",\"author\":{\"@id\":\"https:\/\/www.gmg.cat\/es\/#\/schema\/person\/17a33fd03cd5b219b6ec1b6c43a13970\"},\"inLanguage\":\"es\",\"potentialAction\":[{\"@type\":\"ReadAction\",\"target\":[\"https:\/\/www.gmg.cat\/es\/gmg-redacta-el-proyecto-ejecutivo-de-mejora-de-la-urbanizacion-de-la-avenida-del-centenari-de-amadeu-vives-en-collbato\/\"]}]},{\"@type\":\"WebSite\",\"@id\":\"https:\/\/www.gmg.cat\/es\/#website\",\"url\":\"https:\/\/www.gmg.cat\/es\/\",\"name\":\"GMG\",\"description\":\"\",\"potentialAction\":[{\"@type\":\"SearchAction\",\"target\":{\"@type\":\"EntryPoint\",\"urlTemplate\":\"https:\/\/www.gmg.cat\/es\/?s={search_term_string}\"},\"query-input\":\"required name=search_term_string\"}],\"inLanguage\":\"es\"},{\"@type\":\"Person\",\"@id\":\"https:\/\/www.gmg.cat\/es\/#\/schema\/person\/17a33fd03cd5b219b6ec1b6c43a13970\",\"name\":\"GMG\",\"image\":{\"@type\":\"ImageObject\",\"inLanguage\":\"es\",\"@id\":\"https:\/\/www.gmg.cat\/es\/#\/schema\/person\/image\/\",\"url\":\"https:\/\/secure.gravatar.com\/avatar\/0b8a1419dc47166c17dcd8cf40c0d8020373c1488d8468255c90706af3b3630f?s=96&d=mm&r=g\",\"contentUrl\":\"https:\/\/secure.gravatar.com\/avatar\/0b8a1419dc47166c17dcd8cf40c0d8020373c1488d8468255c90706af3b3630f?s=96&d=mm&r=g\",\"caption\":\"GMG\"},\"url\":\"https:\/\/www.gmg.cat\/es\/author\/gmg\/\"}]}<\/script>\n<!-- \/ Yoast SEO plugin. -->","yoast_head_json":{"title":"GMG redacta el proyecto ejecutivo de mejora de la urbanizaci\u00f3n de la avenida del Centenari de Amadeu Vives, en Collbat\u00f3 - GMG","robots":{"index":"index","follow":"follow","max-snippet":"max-snippet:-1","max-image-preview":"max-image-preview:large","max-video-preview":"max-video-preview:-1"},"canonical":"https:\/\/www.gmg.cat\/es\/gmg-redacta-el-proyecto-ejecutivo-de-mejora-de-la-urbanizacion-de-la-avenida-del-centenari-de-amadeu-vives-en-collbato\/","og_locale":"es_ES","og_type":"article","og_title":"GMG redacta el proyecto ejecutivo de mejora de la urbanizaci\u00f3n de la avenida del Centenari de Amadeu Vives, en Collbat\u00f3 - GMG","og_description":"El proyecto permitir\u00e1 ejecutar las obras de reurbanizaci\u00f3n de una de las v\u00edas principales del municipio, para la que se obtuvo una subvenci\u00f3n de la Generalitat de Catalu\u00f1a en el marco de la convocatoria para \u201cactuaciones de mejora paisaj\u00edstica de ramblas, paseos y avenidas arboladas de los municipios de Catalu\u00f1a\u201d. El pasado mes de diciembre&hellip; Seguir leyendo GMG redacta el proyecto ejecutivo de mejora de la urbanizaci\u00f3n de la avenida del Centenari de Amadeu Vives, en Collbat\u00f3","og_url":"https:\/\/www.gmg.cat\/es\/gmg-redacta-el-proyecto-ejecutivo-de-mejora-de-la-urbanizacion-de-la-avenida-del-centenari-de-amadeu-vives-en-collbato\/","og_site_name":"GMG","article_published_time":"2012-01-17T08:53:39+00:00","article_modified_time":"2024-04-24T16:37:21+00:00","author":"GMG","twitter_card":"summary_large_image","twitter_misc":{"Escrito por":"GMG","Tiempo de lectura":"1 minuto"},"schema":{"@context":"https:\/\/schema.org","@graph":[{"@type":"WebPage","@id":"https:\/\/www.gmg.cat\/es\/gmg-redacta-el-proyecto-ejecutivo-de-mejora-de-la-urbanizacion-de-la-avenida-del-centenari-de-amadeu-vives-en-collbato\/","url":"https:\/\/www.gmg.cat\/es\/gmg-redacta-el-proyecto-ejecutivo-de-mejora-de-la-urbanizacion-de-la-avenida-del-centenari-de-amadeu-vives-en-collbato\/","name":"GMG redacta el proyecto ejecutivo de mejora de la urbanizaci\u00f3n de la avenida del Centenari de Amadeu Vives, en Collbat\u00f3 - GMG","isPartOf":{"@id":"https:\/\/www.gmg.cat\/es\/#website"},"datePublished":"2012-01-17T08:53:39+00:00","dateModified":"2024-04-24T16:37:21+00:00","author":{"@id":"https:\/\/www.gmg.cat\/es\/#\/schema\/person\/17a33fd03cd5b219b6ec1b6c43a13970"},"inLanguage":"es","potentialAction":[{"@type":"ReadAction","target":["https:\/\/www.gmg.cat\/es\/gmg-redacta-el-proyecto-ejecutivo-de-mejora-de-la-urbanizacion-de-la-avenida-del-centenari-de-amadeu-vives-en-collbato\/"]}]},{"@type":"WebSite","@id":"https:\/\/www.gmg.cat\/es\/#website","url":"https:\/\/www.gmg.cat\/es\/","name":"GMG","description":"","potentialAction":[{"@type":"SearchAction","target":{"@type":"EntryPoint","urlTemplate":"https:\/\/www.gmg.cat\/es\/?s={search_term_string}"},"query-input":"required name=search_term_string"}],"inLanguage":"es"},{"@type":"Person","@id":"https:\/\/www.gmg.cat\/es\/#\/schema\/person\/17a33fd03cd5b219b6ec1b6c43a13970","name":"GMG","image":{"@type":"ImageObject","inLanguage":"es","@id":"https:\/\/www.gmg.cat\/es\/#\/schema\/person\/image\/","url":"https:\/\/secure.gravatar.com\/avatar\/0b8a1419dc47166c17dcd8cf40c0d8020373c1488d8468255c90706af3b3630f?s=96&d=mm&r=g","contentUrl":"https:\/\/secure.gravatar.com\/avatar\/0b8a1419dc47166c17dcd8cf40c0d8020373c1488d8468255c90706af3b3630f?s=96&d=mm&r=g","caption":"GMG"},"url":"https:\/\/www.gmg.cat\/es\/author\/gmg\/"}]}},"_links":{"self":[{"href":"https:\/\/www.gmg.cat\/es\/wp-json\/wp\/v2\/posts\/6166","targetHints":{"allow":["GET"]}}],"collection":[{"href":"https:\/\/www.gmg.cat\/es\/wp-json\/wp\/v2\/posts"}],"about":[{"href":"https:\/\/www.gmg.cat\/es\/wp-json\/wp\/v2\/types\/post"}],"author":[{"embeddable":true,"href":"https:\/\/www.gmg.cat\/es\/wp-json\/wp\/v2\/users\/3"}],"replies":[{"embeddable":true,"href":"https:\/\/www.gmg.cat\/es\/wp-json\/wp\/v2\/comments?post=6166"}],"version-history":[{"count":5,"href":"https:\/\/www.gmg.cat\/es\/wp-json\/wp\/v2\/posts\/6166\/revisions"}],"predecessor-version":[{"id":11328,"href":"https:\/\/www.gmg.cat\/es\/wp-json\/wp\/v2\/posts\/6166\/revisions\/11328"}],"wp:featuredmedia":[{"embeddable":true,"href":"https:\/\/www.gmg.cat\/es\/wp-json\/wp\/v2\/media\/6167"}],"wp:attachment":[{"href":"https:\/\/www.gmg.cat\/es\/wp-json\/wp\/v2\/media?parent=6166"}],"wp:term":[{"taxonomy":"category","embeddable":true,"href":"https:\/\/www.gmg.cat\/es\/wp-json\/wp\/v2\/categories?post=6166"},{"taxonomy":"post_tag","embeddable":true,"href":"https:\/\/www.gmg.cat\/es\/wp-json\/wp\/v2\/tags?post=6166"}],"curies":[{"name":"wp","href":"https:\/\/api.w.org\/{rel}","templated":true}]}}