{"id":6263,"date":"2012-05-29T09:58:14","date_gmt":"2012-05-29T07:58:14","guid":{"rendered":"http:\/\/blog.gmg.cat\/?p=263"},"modified":"2024-04-24T16:25:10","modified_gmt":"2024-04-24T14:25:10","slug":"finalizan-las-obras-de-un-bloque-de-16-viviendas-proyectado-por-gmg-en-el-sector-fupar-fira-de-terrassa","status":"publish","type":"post","link":"https:\/\/www.gmg.cat\/es\/finalizan-las-obras-de-un-bloque-de-16-viviendas-proyectado-por-gmg-en-el-sector-fupar-fira-de-terrassa\/","title":{"rendered":"Finalizan las obras de un bloque de 16 viviendas proyectado por GMG en el sector Fupar-Fira de Terrassa"},"content":{"rendered":"<p><strong> <\/strong><\/p>\n<p>Se ha finalizado la construcci\u00f3n de un bloque de viviendas a la calle Amadeu de Savoia de Terrassa con frente a la nueva plaza de la Cooperativa. Se trata del primer bloque de viviendas del pol\u00edgono de actuaci\u00f3n PA-FUP01 FUPAR-FIRA, \u00e1rea de transformaci\u00f3n urbana donde los antiguos edificios industriales han sido sustituidos por suelo residencial y espacio libre p\u00fablico. GMG Plans i Projectes, que hab\u00eda asumido la direcci\u00f3n de obras del nuevo edificio, ya hab\u00eda realizado con anterioridad los proyectos de urbanizaci\u00f3n y de \u00e9ste \u00e1mbito. El edificio ha sido promovido por Arrels CT Patrimoni i Projectes, SA y las obras han sido ejecutadas por la empresa constructora Promotora Grabi, SL.<\/p>\n<p>Se trata de una promoci\u00f3n de 16 viviendas de venta libre de 2, 3 y 4 habitaciones, de superficies \u00fatiles aproximadas de entre 60 y 100m<sup>2<\/sup>. El edificio comparte dos plantas de aparcamiento (en total 59 plazas y 18 trasteros) con la finca colindante sobre las cuales, en una segunda fase, se construir\u00e1n 28 viviendas m\u00e1s.<\/p>\n<p>Desde el equipo de GMG se ha puesto especial atenci\u00f3n en los criterios de sostenibilidad del edifico, trabajando para dotar al edificio de una alta eficiencia y bajo consumo energ\u00e9tico con la aplicaci\u00f3n de un sistema de aislamiento t\u00e9rmico exterior en la fachada (SATE) y elementos de control solar, entre otras.<\/p>\n<div id='gallery-1' class='gallery galleryid-6263 gallery-columns-4 gallery-size-thumbnail'><figure class='gallery-item'>\n\t\t\t<div class='gallery-icon portrait'>\n\t\t\t\t<a href='https:\/\/www.gmg.cat\/wp-content\/uploads\/2012\/05\/Fupar-2.jpg'><img loading=\"lazy\" decoding=\"async\" width=\"150\" height=\"150\" src=\"https:\/\/www.gmg.cat\/wp-content\/uploads\/2012\/05\/Fupar-2-150x150.jpg\" class=\"attachment-thumbnail size-thumbnail\" alt=\"\" style=\"width:100%;height:150%;max-width:2336px;\" \/><\/a>\n\t\t\t<\/div><\/figure><figure class='gallery-item'>\n\t\t\t<div class='gallery-icon portrait'>\n\t\t\t\t<a href='https:\/\/www.gmg.cat\/wp-content\/uploads\/2012\/05\/Fupar-1.jpg'><img loading=\"lazy\" decoding=\"async\" width=\"150\" height=\"150\" src=\"https:\/\/www.gmg.cat\/wp-content\/uploads\/2012\/05\/Fupar-1-150x150.jpg\" class=\"attachment-thumbnail size-thumbnail\" alt=\"\" style=\"width:100%;height:150%;max-width:2336px;\" \/><\/a>\n\t\t\t<\/div><\/figure><figure class='gallery-item'>\n\t\t\t<div class='gallery-icon '>\n\t\t\t\t<a href='https:\/\/blog.gmg.cat\/wp-content\/uploads\/2012\/05\/Fupar-2.jpg'>Fupar 2<\/a>\n\t\t\t<\/div><\/figure><figure class='gallery-item'>\n\t\t\t<div class='gallery-icon '>\n\t\t\t\t<a href='https:\/\/blog.gmg.cat\/wp-content\/uploads\/2012\/05\/Fupar-11.jpg'>Fupar 1<\/a>\n\t\t\t<\/div><\/figure><figure class='gallery-item'>\n\t\t\t<div class='gallery-icon '>\n\t\t\t\t<a href='https:\/\/blog.gmg.cat\/wp-content\/uploads\/2012\/05\/Fupar-5.jpg'>Fupar 5<\/a>\n\t\t\t<\/div><\/figure><figure class='gallery-item'>\n\t\t\t<div class='gallery-icon portrait'>\n\t\t\t\t<a href='https:\/\/www.gmg.cat\/wp-content\/uploads\/2012\/05\/Fupar-5.jpg'><img loading=\"lazy\" decoding=\"async\" width=\"150\" height=\"150\" src=\"https:\/\/www.gmg.cat\/wp-content\/uploads\/2012\/05\/Fupar-5-150x150.jpg\" class=\"attachment-thumbnail size-thumbnail\" alt=\"\" style=\"width:100%;height:150%;max-width:2336px;\" \/><\/a>\n\t\t\t<\/div><\/figure><figure class='gallery-item'>\n\t\t\t<div class='gallery-icon '>\n\t\t\t\t<a href='https:\/\/blog.gmg.cat\/wp-content\/uploads\/2012\/05\/Fupar-3.jpg'>Fupar 3<\/a>\n\t\t\t<\/div><\/figure><figure class='gallery-item'>\n\t\t\t<div class='gallery-icon landscape'>\n\t\t\t\t<a href='https:\/\/www.gmg.cat\/wp-content\/uploads\/2012\/05\/Fupar-3.jpg'><img loading=\"lazy\" decoding=\"async\" width=\"150\" height=\"150\" src=\"https:\/\/www.gmg.cat\/wp-content\/uploads\/2012\/05\/Fupar-3-150x150.jpg\" class=\"attachment-thumbnail size-thumbnail\" alt=\"\" style=\"width:100%;height:66.67%;max-width:3504px;\" \/><\/a>\n\t\t\t<\/div><\/figure>\n\t\t<\/div>\n\n","protected":false},"excerpt":{"rendered":"<p>Se ha finalizado la construcci\u00f3n de un bloque de viviendas a la calle Amadeu de Savoia de Terrassa con frente a la nueva plaza de la Cooperativa. Se trata del primer bloque de viviendas del pol\u00edgono de actuaci\u00f3n PA-FUP01 FUPAR-FIRA, \u00e1rea de transformaci\u00f3n urbana donde los antiguos edificios industriales han sido sustituidos por suelo residencial&hellip; <a class=\"more-link\" href=\"https:\/\/www.gmg.cat\/es\/finalizan-las-obras-de-un-bloque-de-16-viviendas-proyectado-por-gmg-en-el-sector-fupar-fira-de-terrassa\/\">Seguir leyendo <span class=\"screen-reader-text\">Finalizan las obras de un bloque de 16 viviendas proyectado por GMG en el sector Fupar-Fira de Terrassa<\/span><\/a><\/p>\n","protected":false},"author":3,"featured_media":6265,"comment_status":"open","ping_status":"open","sticky":false,"template":"","format":"standard","meta":{"inline_featured_image":false,"footnotes":""},"categories":[28],"tags":[837,741],"class_list":["post-6263","post","type-post","status-publish","format-standard","has-post-thumbnail","hentry","category-otras","tag-edificacion","tag-promocion-de-viviendas","entry"],"acf":[],"yoast_head":"<!-- This site is optimized with the Yoast SEO plugin v21.5 - https:\/\/yoast.com\/wordpress\/plugins\/seo\/ -->\n<title>Finalizan las obras de un bloque de 16 viviendas proyectado por GMG en el sector Fupar-Fira de Terrassa - GMG<\/title>\n<meta name=\"robots\" content=\"index, follow, max-snippet:-1, max-image-preview:large, max-video-preview:-1\" \/>\n<link rel=\"canonical\" href=\"https:\/\/www.gmg.cat\/es\/finalizan-las-obras-de-un-bloque-de-16-viviendas-proyectado-por-gmg-en-el-sector-fupar-fira-de-terrassa\/\" \/>\n<meta property=\"og:locale\" content=\"es_ES\" \/>\n<meta property=\"og:type\" content=\"article\" \/>\n<meta property=\"og:title\" content=\"Finalizan las obras de un bloque de 16 viviendas proyectado por GMG en el sector Fupar-Fira de Terrassa - GMG\" \/>\n<meta property=\"og:description\" content=\"Se ha finalizado la construcci\u00f3n de un bloque de viviendas a la calle Amadeu de Savoia de Terrassa con frente a la nueva plaza de la Cooperativa. Se trata del primer bloque de viviendas del pol\u00edgono de actuaci\u00f3n PA-FUP01 FUPAR-FIRA, \u00e1rea de transformaci\u00f3n urbana donde los antiguos edificios industriales han sido sustituidos por suelo residencial&hellip; Seguir leyendo Finalizan las obras de un bloque de 16 viviendas proyectado por GMG en el sector Fupar-Fira de Terrassa\" \/>\n<meta property=\"og:url\" content=\"https:\/\/www.gmg.cat\/es\/finalizan-las-obras-de-un-bloque-de-16-viviendas-proyectado-por-gmg-en-el-sector-fupar-fira-de-terrassa\/\" \/>\n<meta property=\"og:site_name\" content=\"GMG\" \/>\n<meta property=\"article:published_time\" content=\"2012-05-29T07:58:14+00:00\" \/>\n<meta property=\"article:modified_time\" content=\"2024-04-24T14:25:10+00:00\" \/>\n<meta name=\"author\" content=\"GMG\" \/>\n<meta name=\"twitter:card\" content=\"summary_large_image\" \/>\n<meta name=\"twitter:label1\" content=\"Escrito por\" \/>\n\t<meta name=\"twitter:data1\" content=\"GMG\" \/>\n\t<meta name=\"twitter:label2\" content=\"Tiempo de lectura\" \/>\n\t<meta name=\"twitter:data2\" content=\"1 minuto\" \/>\n<script type=\"application\/ld+json\" class=\"yoast-schema-graph\">{\"@context\":\"https:\/\/schema.org\",\"@graph\":[{\"@type\":\"WebPage\",\"@id\":\"https:\/\/www.gmg.cat\/es\/finalizan-las-obras-de-un-bloque-de-16-viviendas-proyectado-por-gmg-en-el-sector-fupar-fira-de-terrassa\/\",\"url\":\"https:\/\/www.gmg.cat\/es\/finalizan-las-obras-de-un-bloque-de-16-viviendas-proyectado-por-gmg-en-el-sector-fupar-fira-de-terrassa\/\",\"name\":\"Finalizan las obras de un bloque de 16 viviendas proyectado por GMG en el sector Fupar-Fira de Terrassa - GMG\",\"isPartOf\":{\"@id\":\"https:\/\/www.gmg.cat\/es\/#website\"},\"datePublished\":\"2012-05-29T07:58:14+00:00\",\"dateModified\":\"2024-04-24T14:25:10+00:00\",\"author\":{\"@id\":\"https:\/\/www.gmg.cat\/es\/#\/schema\/person\/17a33fd03cd5b219b6ec1b6c43a13970\"},\"inLanguage\":\"es\",\"potentialAction\":[{\"@type\":\"ReadAction\",\"target\":[\"https:\/\/www.gmg.cat\/es\/finalizan-las-obras-de-un-bloque-de-16-viviendas-proyectado-por-gmg-en-el-sector-fupar-fira-de-terrassa\/\"]}]},{\"@type\":\"WebSite\",\"@id\":\"https:\/\/www.gmg.cat\/es\/#website\",\"url\":\"https:\/\/www.gmg.cat\/es\/\",\"name\":\"GMG\",\"description\":\"\",\"potentialAction\":[{\"@type\":\"SearchAction\",\"target\":{\"@type\":\"EntryPoint\",\"urlTemplate\":\"https:\/\/www.gmg.cat\/es\/?s={search_term_string}\"},\"query-input\":\"required name=search_term_string\"}],\"inLanguage\":\"es\"},{\"@type\":\"Person\",\"@id\":\"https:\/\/www.gmg.cat\/es\/#\/schema\/person\/17a33fd03cd5b219b6ec1b6c43a13970\",\"name\":\"GMG\",\"image\":{\"@type\":\"ImageObject\",\"inLanguage\":\"es\",\"@id\":\"https:\/\/www.gmg.cat\/es\/#\/schema\/person\/image\/\",\"url\":\"https:\/\/secure.gravatar.com\/avatar\/0b8a1419dc47166c17dcd8cf40c0d8020373c1488d8468255c90706af3b3630f?s=96&d=mm&r=g\",\"contentUrl\":\"https:\/\/secure.gravatar.com\/avatar\/0b8a1419dc47166c17dcd8cf40c0d8020373c1488d8468255c90706af3b3630f?s=96&d=mm&r=g\",\"caption\":\"GMG\"},\"url\":\"https:\/\/www.gmg.cat\/es\/author\/gmg\/\"}]}<\/script>\n<!-- \/ Yoast SEO plugin. -->","yoast_head_json":{"title":"Finalizan las obras de un bloque de 16 viviendas proyectado por GMG en el sector Fupar-Fira de Terrassa - GMG","robots":{"index":"index","follow":"follow","max-snippet":"max-snippet:-1","max-image-preview":"max-image-preview:large","max-video-preview":"max-video-preview:-1"},"canonical":"https:\/\/www.gmg.cat\/es\/finalizan-las-obras-de-un-bloque-de-16-viviendas-proyectado-por-gmg-en-el-sector-fupar-fira-de-terrassa\/","og_locale":"es_ES","og_type":"article","og_title":"Finalizan las obras de un bloque de 16 viviendas proyectado por GMG en el sector Fupar-Fira de Terrassa - GMG","og_description":"Se ha finalizado la construcci\u00f3n de un bloque de viviendas a la calle Amadeu de Savoia de Terrassa con frente a la nueva plaza de la Cooperativa. Se trata del primer bloque de viviendas del pol\u00edgono de actuaci\u00f3n PA-FUP01 FUPAR-FIRA, \u00e1rea de transformaci\u00f3n urbana donde los antiguos edificios industriales han sido sustituidos por suelo residencial&hellip; Seguir leyendo Finalizan las obras de un bloque de 16 viviendas proyectado por GMG en el sector Fupar-Fira de Terrassa","og_url":"https:\/\/www.gmg.cat\/es\/finalizan-las-obras-de-un-bloque-de-16-viviendas-proyectado-por-gmg-en-el-sector-fupar-fira-de-terrassa\/","og_site_name":"GMG","article_published_time":"2012-05-29T07:58:14+00:00","article_modified_time":"2024-04-24T14:25:10+00:00","author":"GMG","twitter_card":"summary_large_image","twitter_misc":{"Escrito por":"GMG","Tiempo de lectura":"1 minuto"},"schema":{"@context":"https:\/\/schema.org","@graph":[{"@type":"WebPage","@id":"https:\/\/www.gmg.cat\/es\/finalizan-las-obras-de-un-bloque-de-16-viviendas-proyectado-por-gmg-en-el-sector-fupar-fira-de-terrassa\/","url":"https:\/\/www.gmg.cat\/es\/finalizan-las-obras-de-un-bloque-de-16-viviendas-proyectado-por-gmg-en-el-sector-fupar-fira-de-terrassa\/","name":"Finalizan las obras de un bloque de 16 viviendas proyectado por GMG en el sector Fupar-Fira de Terrassa - GMG","isPartOf":{"@id":"https:\/\/www.gmg.cat\/es\/#website"},"datePublished":"2012-05-29T07:58:14+00:00","dateModified":"2024-04-24T14:25:10+00:00","author":{"@id":"https:\/\/www.gmg.cat\/es\/#\/schema\/person\/17a33fd03cd5b219b6ec1b6c43a13970"},"inLanguage":"es","potentialAction":[{"@type":"ReadAction","target":["https:\/\/www.gmg.cat\/es\/finalizan-las-obras-de-un-bloque-de-16-viviendas-proyectado-por-gmg-en-el-sector-fupar-fira-de-terrassa\/"]}]},{"@type":"WebSite","@id":"https:\/\/www.gmg.cat\/es\/#website","url":"https:\/\/www.gmg.cat\/es\/","name":"GMG","description":"","potentialAction":[{"@type":"SearchAction","target":{"@type":"EntryPoint","urlTemplate":"https:\/\/www.gmg.cat\/es\/?s={search_term_string}"},"query-input":"required name=search_term_string"}],"inLanguage":"es"},{"@type":"Person","@id":"https:\/\/www.gmg.cat\/es\/#\/schema\/person\/17a33fd03cd5b219b6ec1b6c43a13970","name":"GMG","image":{"@type":"ImageObject","inLanguage":"es","@id":"https:\/\/www.gmg.cat\/es\/#\/schema\/person\/image\/","url":"https:\/\/secure.gravatar.com\/avatar\/0b8a1419dc47166c17dcd8cf40c0d8020373c1488d8468255c90706af3b3630f?s=96&d=mm&r=g","contentUrl":"https:\/\/secure.gravatar.com\/avatar\/0b8a1419dc47166c17dcd8cf40c0d8020373c1488d8468255c90706af3b3630f?s=96&d=mm&r=g","caption":"GMG"},"url":"https:\/\/www.gmg.cat\/es\/author\/gmg\/"}]}},"_links":{"self":[{"href":"https:\/\/www.gmg.cat\/es\/wp-json\/wp\/v2\/posts\/6263","targetHints":{"allow":["GET"]}}],"collection":[{"href":"https:\/\/www.gmg.cat\/es\/wp-json\/wp\/v2\/posts"}],"about":[{"href":"https:\/\/www.gmg.cat\/es\/wp-json\/wp\/v2\/types\/post"}],"author":[{"embeddable":true,"href":"https:\/\/www.gmg.cat\/es\/wp-json\/wp\/v2\/users\/3"}],"replies":[{"embeddable":true,"href":"https:\/\/www.gmg.cat\/es\/wp-json\/wp\/v2\/comments?post=6263"}],"version-history":[{"count":10,"href":"https:\/\/www.gmg.cat\/es\/wp-json\/wp\/v2\/posts\/6263\/revisions"}],"predecessor-version":[{"id":11340,"href":"https:\/\/www.gmg.cat\/es\/wp-json\/wp\/v2\/posts\/6263\/revisions\/11340"}],"wp:featuredmedia":[{"embeddable":true,"href":"https:\/\/www.gmg.cat\/es\/wp-json\/wp\/v2\/media\/6265"}],"wp:attachment":[{"href":"https:\/\/www.gmg.cat\/es\/wp-json\/wp\/v2\/media?parent=6263"}],"wp:term":[{"taxonomy":"category","embeddable":true,"href":"https:\/\/www.gmg.cat\/es\/wp-json\/wp\/v2\/categories?post=6263"},{"taxonomy":"post_tag","embeddable":true,"href":"https:\/\/www.gmg.cat\/es\/wp-json\/wp\/v2\/tags?post=6263"}],"curies":[{"name":"wp","href":"https:\/\/api.w.org\/{rel}","templated":true}]}}