{"id":6307,"date":"2012-10-09T09:17:57","date_gmt":"2012-10-09T07:17:57","guid":{"rendered":"http:\/\/blog.gmg.cat\/?p=307"},"modified":"2024-04-24T16:23:58","modified_gmt":"2024-04-24T14:23:58","slug":"modificacion-del-pgm-para-la-remodelacion-y-ampliacion-del-centro-comercial-glories","status":"publish","type":"post","link":"https:\/\/www.gmg.cat\/es\/modificacion-del-pgm-para-la-remodelacion-y-ampliacion-del-centro-comercial-glories\/","title":{"rendered":"Modificaci\u00f3n del PGM para la remodelaci\u00f3n y ampliaci\u00f3n del Centro Comercial Gl\u00f2ries"},"content":{"rendered":"<p style=\"text-align: justify;\">GMG colabora con L35 en la redacci\u00f3n de la Modificaci\u00f3n puntual del Plan General Metropolitano para la remodelaci\u00f3n y ampliaci\u00f3n del Centro Comercial Gl\u00f2ries de Barcelona. Este plan tiene un doble objetivo: por un lado, renovar el centro comercial actual, mejorando las conexiones con el entorno, creando nuevos locales y redise\u00f1ando los espacios libres interiores; y por otro lado, conseguir un nuevo espacio p\u00fablico en el \u00e1mbito del 22@ en la confluencia entre las calles de \u00c1lava i Sancho de \u00c1vila.<\/p>\n<p style=\"text-align: justify;\">Se plantea una renovaci\u00f3n integral del Centro Comercial Gl\u00f2ries, despu\u00e9s de quince a\u00f1os de funcionamiento, que modificar\u00e1 tanto su fisonom\u00eda exterior como los espacios interiores, y especialmente la relaci\u00f3n con su entorno, pues es uno de los sectores de la ciudad que m\u00e1s se ha transformado durante este periodo y que, con la futura reurbanizaci\u00f3n de la Plaza de la Glorias, seguir\u00e1 a\u00fan cambiando.<\/p>\n<p style=\"text-align: justify;\">La modificaci\u00f3n del PGM fue aprobada inicialmente el pasado 16 de julio por la Comisi\u00f3n de H\u00e1bitat Urbana del Ayuntamiento de Barcelona.<\/p>\n<div id='gallery-1' class='gallery galleryid-6307 gallery-columns-4 gallery-size-thumbnail'><figure class='gallery-item'>\n\t\t\t<div class='gallery-icon landscape'>\n\t\t\t\t<a href='https:\/\/www.gmg.cat\/wp-content\/uploads\/2012\/10\/acceo_Gran_Via.jpg'><img loading=\"lazy\" decoding=\"async\" width=\"150\" height=\"150\" src=\"https:\/\/www.gmg.cat\/wp-content\/uploads\/2012\/10\/acceo_Gran_Via-150x150.jpg\" class=\"attachment-thumbnail size-thumbnail\" alt=\"\" style=\"width:100%;height:79.43%;max-width:593px;\" \/><\/a>\n\t\t\t<\/div><\/figure><figure class='gallery-item'>\n\t\t\t<div class='gallery-icon landscape'>\n\t\t\t\t<a href='https:\/\/www.gmg.cat\/wp-content\/uploads\/2012\/10\/Gl\u00f2ries-ortofoto-2ambits_bn.jpg'><img loading=\"lazy\" decoding=\"async\" width=\"150\" height=\"150\" src=\"https:\/\/www.gmg.cat\/wp-content\/uploads\/2012\/10\/Gl\u00f2ries-ortofoto-2ambits_bn-150x150.jpg\" class=\"attachment-thumbnail size-thumbnail\" alt=\"\" style=\"width:100%;height:81.08%;max-width:946px;\" \/><\/a>\n\t\t\t<\/div><\/figure><figure class='gallery-item'>\n\t\t\t<div class='gallery-icon '>\n\t\t\t\t<a href='https:\/\/blog.gmg.cat\/wp-content\/uploads\/2012\/10\/glories.jpg'>glories<\/a>\n\t\t\t<\/div><\/figure><figure class='gallery-item'>\n\t\t\t<div class='gallery-icon '>\n\t\t\t\t<a href='https:\/\/blog.gmg.cat\/wp-content\/uploads\/2012\/10\/Gl\u00f2ries-vista.jpg'>Gl\u00f2ries-vista<\/a>\n\t\t\t<\/div><\/figure><figure class='gallery-item'>\n\t\t\t<div class='gallery-icon landscape'>\n\t\t\t\t<a href='https:\/\/www.gmg.cat\/wp-content\/uploads\/2012\/10\/glories.jpg'><img loading=\"lazy\" decoding=\"async\" width=\"150\" height=\"150\" src=\"https:\/\/www.gmg.cat\/wp-content\/uploads\/2012\/10\/glories-150x150.jpg\" class=\"attachment-thumbnail size-thumbnail\" alt=\"\" style=\"width:100%;height:55.23%;max-width:1684px;\" \/><\/a>\n\t\t\t<\/div><\/figure><figure class='gallery-item'>\n\t\t\t<div class='gallery-icon landscape'>\n\t\t\t\t<a href='https:\/\/www.gmg.cat\/wp-content\/uploads\/2012\/10\/Gl\u00f2ries-vista.jpg'><img loading=\"lazy\" decoding=\"async\" width=\"150\" height=\"150\" src=\"https:\/\/www.gmg.cat\/wp-content\/uploads\/2012\/10\/Gl\u00f2ries-vista-150x150.jpg\" class=\"attachment-thumbnail size-thumbnail\" alt=\"\" style=\"width:100%;height:93.2%;max-width:1191px;\" \/><\/a>\n\t\t\t<\/div><\/figure><figure class='gallery-item'>\n\t\t\t<div class='gallery-icon '>\n\t\t\t\t<a href='https:\/\/blog.gmg.cat\/wp-content\/uploads\/2012\/10\/acceo_Gran_Via.jpg'>acceo_Gran_Via<\/a>\n\t\t\t<\/div><\/figure><figure class='gallery-item'>\n\t\t\t<div class='gallery-icon '>\n\t\t\t\t<a href='https:\/\/blog.gmg.cat\/wp-content\/uploads\/2012\/10\/Gl\u00f2ries-ortofoto-2ambits_bn.jpg'>Gl\u00f2ries-ortofoto-2ambits_bn<\/a>\n\t\t\t<\/div><\/figure>\n\t\t<\/div>\n\n","protected":false},"excerpt":{"rendered":"<p>GMG colabora con L35 en la redacci\u00f3n de la Modificaci\u00f3n puntual del Plan General Metropolitano para la remodelaci\u00f3n y ampliaci\u00f3n del Centro Comercial Gl\u00f2ries de Barcelona. Este plan tiene un doble objetivo: por un lado, renovar el centro comercial actual, mejorando las conexiones con el entorno, creando nuevos locales y redise\u00f1ando los espacios libres interiores;&hellip; <a class=\"more-link\" href=\"https:\/\/www.gmg.cat\/es\/modificacion-del-pgm-para-la-remodelacion-y-ampliacion-del-centro-comercial-glories\/\">Seguir leyendo <span class=\"screen-reader-text\">Modificaci\u00f3n del PGM para la remodelaci\u00f3n y ampliaci\u00f3n del Centro Comercial Gl\u00f2ries<\/span><\/a><\/p>\n","protected":false},"author":3,"featured_media":6372,"comment_status":"open","ping_status":"open","sticky":false,"template":"","format":"standard","meta":{"inline_featured_image":false,"footnotes":""},"categories":[45],"tags":[117,521,665],"class_list":["post-6307","post","type-post","status-publish","format-standard","has-post-thumbnail","hentry","category-urbanismo","tag-centre-comercial-glories","tag-centro-comercial-glories","tag-modificacion-del-pgm","entry"],"acf":[],"yoast_head":"<!-- This site is optimized with the Yoast SEO plugin v21.5 - https:\/\/yoast.com\/wordpress\/plugins\/seo\/ -->\n<title>Modificaci\u00f3n del PGM para la remodelaci\u00f3n y ampliaci\u00f3n del Centro Comercial Gl\u00f2ries - GMG<\/title>\n<meta name=\"robots\" content=\"index, follow, max-snippet:-1, max-image-preview:large, max-video-preview:-1\" \/>\n<link rel=\"canonical\" href=\"https:\/\/www.gmg.cat\/es\/modificacion-del-pgm-para-la-remodelacion-y-ampliacion-del-centro-comercial-glories\/\" \/>\n<meta property=\"og:locale\" content=\"es_ES\" \/>\n<meta property=\"og:type\" content=\"article\" \/>\n<meta property=\"og:title\" content=\"Modificaci\u00f3n del PGM para la remodelaci\u00f3n y ampliaci\u00f3n del Centro Comercial Gl\u00f2ries - GMG\" \/>\n<meta property=\"og:description\" content=\"GMG colabora con L35 en la redacci\u00f3n de la Modificaci\u00f3n puntual del Plan General Metropolitano para la remodelaci\u00f3n y ampliaci\u00f3n del Centro Comercial Gl\u00f2ries de Barcelona. Este plan tiene un doble objetivo: por un lado, renovar el centro comercial actual, mejorando las conexiones con el entorno, creando nuevos locales y redise\u00f1ando los espacios libres interiores;&hellip; Seguir leyendo Modificaci\u00f3n del PGM para la remodelaci\u00f3n y ampliaci\u00f3n del Centro Comercial Gl\u00f2ries\" \/>\n<meta property=\"og:url\" content=\"https:\/\/www.gmg.cat\/es\/modificacion-del-pgm-para-la-remodelacion-y-ampliacion-del-centro-comercial-glories\/\" \/>\n<meta property=\"og:site_name\" content=\"GMG\" \/>\n<meta property=\"article:published_time\" content=\"2012-10-09T07:17:57+00:00\" \/>\n<meta property=\"article:modified_time\" content=\"2024-04-24T14:23:58+00:00\" \/>\n<meta name=\"author\" content=\"GMG\" \/>\n<meta name=\"twitter:card\" content=\"summary_large_image\" \/>\n<meta name=\"twitter:label1\" content=\"Escrito por\" \/>\n\t<meta name=\"twitter:data1\" content=\"GMG\" \/>\n\t<meta name=\"twitter:label2\" content=\"Tiempo de lectura\" \/>\n\t<meta name=\"twitter:data2\" content=\"1 minuto\" \/>\n<script type=\"application\/ld+json\" class=\"yoast-schema-graph\">{\"@context\":\"https:\/\/schema.org\",\"@graph\":[{\"@type\":\"WebPage\",\"@id\":\"https:\/\/www.gmg.cat\/es\/modificacion-del-pgm-para-la-remodelacion-y-ampliacion-del-centro-comercial-glories\/\",\"url\":\"https:\/\/www.gmg.cat\/es\/modificacion-del-pgm-para-la-remodelacion-y-ampliacion-del-centro-comercial-glories\/\",\"name\":\"Modificaci\u00f3n del PGM para la remodelaci\u00f3n y ampliaci\u00f3n del Centro Comercial Gl\u00f2ries - GMG\",\"isPartOf\":{\"@id\":\"https:\/\/www.gmg.cat\/es\/#website\"},\"datePublished\":\"2012-10-09T07:17:57+00:00\",\"dateModified\":\"2024-04-24T14:23:58+00:00\",\"author\":{\"@id\":\"https:\/\/www.gmg.cat\/es\/#\/schema\/person\/17a33fd03cd5b219b6ec1b6c43a13970\"},\"inLanguage\":\"es\",\"potentialAction\":[{\"@type\":\"ReadAction\",\"target\":[\"https:\/\/www.gmg.cat\/es\/modificacion-del-pgm-para-la-remodelacion-y-ampliacion-del-centro-comercial-glories\/\"]}]},{\"@type\":\"WebSite\",\"@id\":\"https:\/\/www.gmg.cat\/es\/#website\",\"url\":\"https:\/\/www.gmg.cat\/es\/\",\"name\":\"GMG\",\"description\":\"\",\"potentialAction\":[{\"@type\":\"SearchAction\",\"target\":{\"@type\":\"EntryPoint\",\"urlTemplate\":\"https:\/\/www.gmg.cat\/es\/?s={search_term_string}\"},\"query-input\":\"required name=search_term_string\"}],\"inLanguage\":\"es\"},{\"@type\":\"Person\",\"@id\":\"https:\/\/www.gmg.cat\/es\/#\/schema\/person\/17a33fd03cd5b219b6ec1b6c43a13970\",\"name\":\"GMG\",\"image\":{\"@type\":\"ImageObject\",\"inLanguage\":\"es\",\"@id\":\"https:\/\/www.gmg.cat\/es\/#\/schema\/person\/image\/\",\"url\":\"https:\/\/secure.gravatar.com\/avatar\/0b8a1419dc47166c17dcd8cf40c0d8020373c1488d8468255c90706af3b3630f?s=96&d=mm&r=g\",\"contentUrl\":\"https:\/\/secure.gravatar.com\/avatar\/0b8a1419dc47166c17dcd8cf40c0d8020373c1488d8468255c90706af3b3630f?s=96&d=mm&r=g\",\"caption\":\"GMG\"},\"url\":\"https:\/\/www.gmg.cat\/es\/author\/gmg\/\"}]}<\/script>\n<!-- \/ Yoast SEO plugin. -->","yoast_head_json":{"title":"Modificaci\u00f3n del PGM para la remodelaci\u00f3n y ampliaci\u00f3n del Centro Comercial Gl\u00f2ries - GMG","robots":{"index":"index","follow":"follow","max-snippet":"max-snippet:-1","max-image-preview":"max-image-preview:large","max-video-preview":"max-video-preview:-1"},"canonical":"https:\/\/www.gmg.cat\/es\/modificacion-del-pgm-para-la-remodelacion-y-ampliacion-del-centro-comercial-glories\/","og_locale":"es_ES","og_type":"article","og_title":"Modificaci\u00f3n del PGM para la remodelaci\u00f3n y ampliaci\u00f3n del Centro Comercial Gl\u00f2ries - GMG","og_description":"GMG colabora con L35 en la redacci\u00f3n de la Modificaci\u00f3n puntual del Plan General Metropolitano para la remodelaci\u00f3n y ampliaci\u00f3n del Centro Comercial Gl\u00f2ries de Barcelona. Este plan tiene un doble objetivo: por un lado, renovar el centro comercial actual, mejorando las conexiones con el entorno, creando nuevos locales y redise\u00f1ando los espacios libres interiores;&hellip; Seguir leyendo Modificaci\u00f3n del PGM para la remodelaci\u00f3n y ampliaci\u00f3n del Centro Comercial Gl\u00f2ries","og_url":"https:\/\/www.gmg.cat\/es\/modificacion-del-pgm-para-la-remodelacion-y-ampliacion-del-centro-comercial-glories\/","og_site_name":"GMG","article_published_time":"2012-10-09T07:17:57+00:00","article_modified_time":"2024-04-24T14:23:58+00:00","author":"GMG","twitter_card":"summary_large_image","twitter_misc":{"Escrito por":"GMG","Tiempo de lectura":"1 minuto"},"schema":{"@context":"https:\/\/schema.org","@graph":[{"@type":"WebPage","@id":"https:\/\/www.gmg.cat\/es\/modificacion-del-pgm-para-la-remodelacion-y-ampliacion-del-centro-comercial-glories\/","url":"https:\/\/www.gmg.cat\/es\/modificacion-del-pgm-para-la-remodelacion-y-ampliacion-del-centro-comercial-glories\/","name":"Modificaci\u00f3n del PGM para la remodelaci\u00f3n y ampliaci\u00f3n del Centro Comercial Gl\u00f2ries - GMG","isPartOf":{"@id":"https:\/\/www.gmg.cat\/es\/#website"},"datePublished":"2012-10-09T07:17:57+00:00","dateModified":"2024-04-24T14:23:58+00:00","author":{"@id":"https:\/\/www.gmg.cat\/es\/#\/schema\/person\/17a33fd03cd5b219b6ec1b6c43a13970"},"inLanguage":"es","potentialAction":[{"@type":"ReadAction","target":["https:\/\/www.gmg.cat\/es\/modificacion-del-pgm-para-la-remodelacion-y-ampliacion-del-centro-comercial-glories\/"]}]},{"@type":"WebSite","@id":"https:\/\/www.gmg.cat\/es\/#website","url":"https:\/\/www.gmg.cat\/es\/","name":"GMG","description":"","potentialAction":[{"@type":"SearchAction","target":{"@type":"EntryPoint","urlTemplate":"https:\/\/www.gmg.cat\/es\/?s={search_term_string}"},"query-input":"required name=search_term_string"}],"inLanguage":"es"},{"@type":"Person","@id":"https:\/\/www.gmg.cat\/es\/#\/schema\/person\/17a33fd03cd5b219b6ec1b6c43a13970","name":"GMG","image":{"@type":"ImageObject","inLanguage":"es","@id":"https:\/\/www.gmg.cat\/es\/#\/schema\/person\/image\/","url":"https:\/\/secure.gravatar.com\/avatar\/0b8a1419dc47166c17dcd8cf40c0d8020373c1488d8468255c90706af3b3630f?s=96&d=mm&r=g","contentUrl":"https:\/\/secure.gravatar.com\/avatar\/0b8a1419dc47166c17dcd8cf40c0d8020373c1488d8468255c90706af3b3630f?s=96&d=mm&r=g","caption":"GMG"},"url":"https:\/\/www.gmg.cat\/es\/author\/gmg\/"}]}},"_links":{"self":[{"href":"https:\/\/www.gmg.cat\/es\/wp-json\/wp\/v2\/posts\/6307","targetHints":{"allow":["GET"]}}],"collection":[{"href":"https:\/\/www.gmg.cat\/es\/wp-json\/wp\/v2\/posts"}],"about":[{"href":"https:\/\/www.gmg.cat\/es\/wp-json\/wp\/v2\/types\/post"}],"author":[{"embeddable":true,"href":"https:\/\/www.gmg.cat\/es\/wp-json\/wp\/v2\/users\/3"}],"replies":[{"embeddable":true,"href":"https:\/\/www.gmg.cat\/es\/wp-json\/wp\/v2\/comments?post=6307"}],"version-history":[{"count":12,"href":"https:\/\/www.gmg.cat\/es\/wp-json\/wp\/v2\/posts\/6307\/revisions"}],"predecessor-version":[{"id":11349,"href":"https:\/\/www.gmg.cat\/es\/wp-json\/wp\/v2\/posts\/6307\/revisions\/11349"}],"wp:featuredmedia":[{"embeddable":true,"href":"https:\/\/www.gmg.cat\/es\/wp-json\/wp\/v2\/media\/6372"}],"wp:attachment":[{"href":"https:\/\/www.gmg.cat\/es\/wp-json\/wp\/v2\/media?parent=6307"}],"wp:term":[{"taxonomy":"category","embeddable":true,"href":"https:\/\/www.gmg.cat\/es\/wp-json\/wp\/v2\/categories?post=6307"},{"taxonomy":"post_tag","embeddable":true,"href":"https:\/\/www.gmg.cat\/es\/wp-json\/wp\/v2\/tags?post=6307"}],"curies":[{"name":"wp","href":"https:\/\/api.w.org\/{rel}","templated":true}]}}