{"id":6538,"date":"2013-07-11T13:56:45","date_gmt":"2013-07-11T11:56:45","guid":{"rendered":"http:\/\/blog.gmg.cat\/?p=538"},"modified":"2024-04-24T19:12:50","modified_gmt":"2024-04-24T17:12:50","slug":"aprobacion-inicial-de-la-modificacion-del-poum-de-matadepera","status":"publish","type":"post","link":"https:\/\/www.gmg.cat\/es\/aprobacion-inicial-de-la-modificacion-del-poum-de-matadepera\/","title":{"rendered":"Aprobaci\u00f3n inicial de la Modificaci\u00f3n del POUM de Matadepera"},"content":{"rendered":"<p style=\"text-align: justify;\">El Ayuntamiento de Matadepera, en el Pleno extraordinario celebrado el d\u00eda 27 de febrero de 2013, aprob\u00f3 inicialmente por unanimidad la Modificaci\u00f3n puntual del Plan de Ordenaci\u00f3n Urban\u00edstica Municipal, redactada por GMG.<\/p>\n<p style=\"text-align: justify;\">\u00c9sta figura de planeamiento modifica distintos aspectos del POUM que, a lo largo de estos primeros a\u00f1os de vigencia, se ha visto que hacia falta mejorar o replantear. Se trata de una revisi\u00f3n en profundidad que tiene cinco objetivos: correcci\u00f3n de errores puntuales detectados en los documentos del POUM, mejora del redactado de algunos aspectos de la normativa, modificaci\u00f3n de la regulaci\u00f3n de la edificaci\u00f3n y usos, modificaci\u00f3n de la ordenaci\u00f3n urban\u00edstica de determinados \u00e1mbitos, y revisi\u00f3n de algunos aspectos del Cat\u00e1logo de bienes protegidos.<\/p>\n<p>Una vez finalizado el periodo de exposici\u00f3n p\u00fablica, se prev\u00e9 que el documento se apruebe provisionalmente en el Pleno del mes de Julio.<\/p>\n<p style=\"text-align: justify;\"><a href=\"http:\/\/blog.gmg.cat\/wp-content\/uploads\/2013\/07\/diari-Terrassa_POUM.jpg\"><img loading=\"lazy\" decoding=\"async\" class=\"alignleft size-thumbnail wp-image-600\" title=\"diari Terrassa_POUM\" src=\"http:\/\/blog.gmg.cat\/wp-content\/uploads\/2013\/07\/diari-Terrassa_POUM-150x150.jpg\" alt=\"\" width=\"150\" height=\"150\" \/><\/a><\/p>\n","protected":false},"excerpt":{"rendered":"<p>El Ayuntamiento de Matadepera, en el Pleno extraordinario celebrado el d\u00eda 27 de febrero de 2013, aprob\u00f3 inicialmente por unanimidad la Modificaci\u00f3n puntual del Plan de Ordenaci\u00f3n Urban\u00edstica Municipal, redactada por GMG. \u00c9sta figura de planeamiento modifica distintos aspectos del POUM que, a lo largo de estos primeros a\u00f1os de vigencia, se ha visto que&hellip; <a class=\"more-link\" href=\"https:\/\/www.gmg.cat\/es\/aprobacion-inicial-de-la-modificacion-del-poum-de-matadepera\/\">Seguir leyendo <span class=\"screen-reader-text\">Aprobaci\u00f3n inicial de la Modificaci\u00f3n del POUM de Matadepera<\/span><\/a><\/p>\n","protected":false},"author":3,"featured_media":6600,"comment_status":"open","ping_status":"open","sticky":false,"template":"","format":"standard","meta":{"inline_featured_image":false,"footnotes":""},"categories":[45],"tags":[667],"class_list":["post-6538","post","type-post","status-publish","format-standard","has-post-thumbnail","hentry","category-urbanismo","tag-modificacion-poum-matadepera","entry"],"acf":[],"yoast_head":"<!-- This site is optimized with the Yoast SEO plugin v21.5 - https:\/\/yoast.com\/wordpress\/plugins\/seo\/ -->\n<title>Aprobaci\u00f3n inicial de la Modificaci\u00f3n del POUM de Matadepera - GMG<\/title>\n<meta name=\"robots\" content=\"index, follow, max-snippet:-1, max-image-preview:large, max-video-preview:-1\" \/>\n<link rel=\"canonical\" href=\"https:\/\/www.gmg.cat\/es\/aprobacion-inicial-de-la-modificacion-del-poum-de-matadepera\/\" \/>\n<meta property=\"og:locale\" content=\"es_ES\" \/>\n<meta property=\"og:type\" content=\"article\" \/>\n<meta property=\"og:title\" content=\"Aprobaci\u00f3n inicial de la Modificaci\u00f3n del POUM de Matadepera - GMG\" \/>\n<meta property=\"og:description\" content=\"El Ayuntamiento de Matadepera, en el Pleno extraordinario celebrado el d\u00eda 27 de febrero de 2013, aprob\u00f3 inicialmente por unanimidad la Modificaci\u00f3n puntual del Plan de Ordenaci\u00f3n Urban\u00edstica Municipal, redactada por GMG. \u00c9sta figura de planeamiento modifica distintos aspectos del POUM que, a lo largo de estos primeros a\u00f1os de vigencia, se ha visto que&hellip; Seguir leyendo Aprobaci\u00f3n inicial de la Modificaci\u00f3n del POUM de Matadepera\" \/>\n<meta property=\"og:url\" content=\"https:\/\/www.gmg.cat\/es\/aprobacion-inicial-de-la-modificacion-del-poum-de-matadepera\/\" \/>\n<meta property=\"og:site_name\" content=\"GMG\" \/>\n<meta property=\"article:published_time\" content=\"2013-07-11T11:56:45+00:00\" \/>\n<meta property=\"article:modified_time\" content=\"2024-04-24T17:12:50+00:00\" \/>\n<meta name=\"author\" content=\"GMG\" \/>\n<meta name=\"twitter:card\" content=\"summary_large_image\" \/>\n<meta name=\"twitter:label1\" content=\"Escrito por\" \/>\n\t<meta name=\"twitter:data1\" content=\"GMG\" \/>\n\t<meta name=\"twitter:label2\" content=\"Tiempo de lectura\" \/>\n\t<meta name=\"twitter:data2\" content=\"1 minuto\" \/>\n<script type=\"application\/ld+json\" class=\"yoast-schema-graph\">{\"@context\":\"https:\/\/schema.org\",\"@graph\":[{\"@type\":\"WebPage\",\"@id\":\"https:\/\/www.gmg.cat\/es\/aprobacion-inicial-de-la-modificacion-del-poum-de-matadepera\/\",\"url\":\"https:\/\/www.gmg.cat\/es\/aprobacion-inicial-de-la-modificacion-del-poum-de-matadepera\/\",\"name\":\"Aprobaci\u00f3n inicial de la Modificaci\u00f3n del POUM de Matadepera - GMG\",\"isPartOf\":{\"@id\":\"https:\/\/www.gmg.cat\/es\/#website\"},\"datePublished\":\"2013-07-11T11:56:45+00:00\",\"dateModified\":\"2024-04-24T17:12:50+00:00\",\"author\":{\"@id\":\"https:\/\/www.gmg.cat\/es\/#\/schema\/person\/17a33fd03cd5b219b6ec1b6c43a13970\"},\"inLanguage\":\"es\",\"potentialAction\":[{\"@type\":\"ReadAction\",\"target\":[\"https:\/\/www.gmg.cat\/es\/aprobacion-inicial-de-la-modificacion-del-poum-de-matadepera\/\"]}]},{\"@type\":\"WebSite\",\"@id\":\"https:\/\/www.gmg.cat\/es\/#website\",\"url\":\"https:\/\/www.gmg.cat\/es\/\",\"name\":\"GMG\",\"description\":\"\",\"potentialAction\":[{\"@type\":\"SearchAction\",\"target\":{\"@type\":\"EntryPoint\",\"urlTemplate\":\"https:\/\/www.gmg.cat\/es\/?s={search_term_string}\"},\"query-input\":\"required name=search_term_string\"}],\"inLanguage\":\"es\"},{\"@type\":\"Person\",\"@id\":\"https:\/\/www.gmg.cat\/es\/#\/schema\/person\/17a33fd03cd5b219b6ec1b6c43a13970\",\"name\":\"GMG\",\"image\":{\"@type\":\"ImageObject\",\"inLanguage\":\"es\",\"@id\":\"https:\/\/www.gmg.cat\/es\/#\/schema\/person\/image\/\",\"url\":\"https:\/\/secure.gravatar.com\/avatar\/0b8a1419dc47166c17dcd8cf40c0d8020373c1488d8468255c90706af3b3630f?s=96&d=mm&r=g\",\"contentUrl\":\"https:\/\/secure.gravatar.com\/avatar\/0b8a1419dc47166c17dcd8cf40c0d8020373c1488d8468255c90706af3b3630f?s=96&d=mm&r=g\",\"caption\":\"GMG\"},\"url\":\"https:\/\/www.gmg.cat\/es\/author\/gmg\/\"}]}<\/script>\n<!-- \/ Yoast SEO plugin. -->","yoast_head_json":{"title":"Aprobaci\u00f3n inicial de la Modificaci\u00f3n del POUM de Matadepera - GMG","robots":{"index":"index","follow":"follow","max-snippet":"max-snippet:-1","max-image-preview":"max-image-preview:large","max-video-preview":"max-video-preview:-1"},"canonical":"https:\/\/www.gmg.cat\/es\/aprobacion-inicial-de-la-modificacion-del-poum-de-matadepera\/","og_locale":"es_ES","og_type":"article","og_title":"Aprobaci\u00f3n inicial de la Modificaci\u00f3n del POUM de Matadepera - GMG","og_description":"El Ayuntamiento de Matadepera, en el Pleno extraordinario celebrado el d\u00eda 27 de febrero de 2013, aprob\u00f3 inicialmente por unanimidad la Modificaci\u00f3n puntual del Plan de Ordenaci\u00f3n Urban\u00edstica Municipal, redactada por GMG. \u00c9sta figura de planeamiento modifica distintos aspectos del POUM que, a lo largo de estos primeros a\u00f1os de vigencia, se ha visto que&hellip; Seguir leyendo Aprobaci\u00f3n inicial de la Modificaci\u00f3n del POUM de Matadepera","og_url":"https:\/\/www.gmg.cat\/es\/aprobacion-inicial-de-la-modificacion-del-poum-de-matadepera\/","og_site_name":"GMG","article_published_time":"2013-07-11T11:56:45+00:00","article_modified_time":"2024-04-24T17:12:50+00:00","author":"GMG","twitter_card":"summary_large_image","twitter_misc":{"Escrito por":"GMG","Tiempo de lectura":"1 minuto"},"schema":{"@context":"https:\/\/schema.org","@graph":[{"@type":"WebPage","@id":"https:\/\/www.gmg.cat\/es\/aprobacion-inicial-de-la-modificacion-del-poum-de-matadepera\/","url":"https:\/\/www.gmg.cat\/es\/aprobacion-inicial-de-la-modificacion-del-poum-de-matadepera\/","name":"Aprobaci\u00f3n inicial de la Modificaci\u00f3n del POUM de Matadepera - GMG","isPartOf":{"@id":"https:\/\/www.gmg.cat\/es\/#website"},"datePublished":"2013-07-11T11:56:45+00:00","dateModified":"2024-04-24T17:12:50+00:00","author":{"@id":"https:\/\/www.gmg.cat\/es\/#\/schema\/person\/17a33fd03cd5b219b6ec1b6c43a13970"},"inLanguage":"es","potentialAction":[{"@type":"ReadAction","target":["https:\/\/www.gmg.cat\/es\/aprobacion-inicial-de-la-modificacion-del-poum-de-matadepera\/"]}]},{"@type":"WebSite","@id":"https:\/\/www.gmg.cat\/es\/#website","url":"https:\/\/www.gmg.cat\/es\/","name":"GMG","description":"","potentialAction":[{"@type":"SearchAction","target":{"@type":"EntryPoint","urlTemplate":"https:\/\/www.gmg.cat\/es\/?s={search_term_string}"},"query-input":"required name=search_term_string"}],"inLanguage":"es"},{"@type":"Person","@id":"https:\/\/www.gmg.cat\/es\/#\/schema\/person\/17a33fd03cd5b219b6ec1b6c43a13970","name":"GMG","image":{"@type":"ImageObject","inLanguage":"es","@id":"https:\/\/www.gmg.cat\/es\/#\/schema\/person\/image\/","url":"https:\/\/secure.gravatar.com\/avatar\/0b8a1419dc47166c17dcd8cf40c0d8020373c1488d8468255c90706af3b3630f?s=96&d=mm&r=g","contentUrl":"https:\/\/secure.gravatar.com\/avatar\/0b8a1419dc47166c17dcd8cf40c0d8020373c1488d8468255c90706af3b3630f?s=96&d=mm&r=g","caption":"GMG"},"url":"https:\/\/www.gmg.cat\/es\/author\/gmg\/"}]}},"_links":{"self":[{"href":"https:\/\/www.gmg.cat\/es\/wp-json\/wp\/v2\/posts\/6538","targetHints":{"allow":["GET"]}}],"collection":[{"href":"https:\/\/www.gmg.cat\/es\/wp-json\/wp\/v2\/posts"}],"about":[{"href":"https:\/\/www.gmg.cat\/es\/wp-json\/wp\/v2\/types\/post"}],"author":[{"embeddable":true,"href":"https:\/\/www.gmg.cat\/es\/wp-json\/wp\/v2\/users\/3"}],"replies":[{"embeddable":true,"href":"https:\/\/www.gmg.cat\/es\/wp-json\/wp\/v2\/comments?post=6538"}],"version-history":[{"count":9,"href":"https:\/\/www.gmg.cat\/es\/wp-json\/wp\/v2\/posts\/6538\/revisions"}],"predecessor-version":[{"id":11368,"href":"https:\/\/www.gmg.cat\/es\/wp-json\/wp\/v2\/posts\/6538\/revisions\/11368"}],"wp:featuredmedia":[{"embeddable":true,"href":"https:\/\/www.gmg.cat\/es\/wp-json\/wp\/v2\/media\/6600"}],"wp:attachment":[{"href":"https:\/\/www.gmg.cat\/es\/wp-json\/wp\/v2\/media?parent=6538"}],"wp:term":[{"taxonomy":"category","embeddable":true,"href":"https:\/\/www.gmg.cat\/es\/wp-json\/wp\/v2\/categories?post=6538"},{"taxonomy":"post_tag","embeddable":true,"href":"https:\/\/www.gmg.cat\/es\/wp-json\/wp\/v2\/tags?post=6538"}],"curies":[{"name":"wp","href":"https:\/\/api.w.org\/{rel}","templated":true}]}}