{"id":6611,"date":"2013-07-11T13:59:13","date_gmt":"2013-07-11T11:59:13","guid":{"rendered":"http:\/\/blog.gmg.cat\/?p=611"},"modified":"2024-04-24T19:17:14","modified_gmt":"2024-04-24T17:17:14","slug":"el-departamento-de-cultura-promueve-la-creacion-de-un-cluster-para-impulsar-la-arquitectura-catalana","status":"publish","type":"post","link":"https:\/\/www.gmg.cat\/es\/el-departamento-de-cultura-promueve-la-creacion-de-un-cluster-para-impulsar-la-arquitectura-catalana\/","title":{"rendered":"El Departamento de Cultura promueve la creaci\u00f3n de un cl\u00faster para impulsar la arquitectura catalana"},"content":{"rendered":"<p style=\"text-align: justify;\">GMG ha sido uno de los 28 despachos de arquitectura seleccionados para participar en un estudio sectorial promovido por la Consejer\u00eda de Cultura de la Generalitat de Catalu\u00f1a.<\/p>\n<p style=\"text-align: justify;\">El estudio, realizado por la consultor\u00eda <em>Cluster Development<\/em>, tiene por objetivo identificar los principales retos estrat\u00e9gicos de las empresas del sector de la arquitectura, fuertemente afectado por la crisis econ\u00f3mica, para definir un plan de actuaciones que permita dinamizar el sector y reforzar la posici\u00f3n competitiva de las empresas que forman parte, as\u00ed como, finalmente, estructurar un cl\u00faster de arquitectura en Catalu\u00f1a.<\/p>\n<p style=\"text-align: justify;\">Durante la primera fase de este proyecto, se han realizado 28 entrevistas a estudios representativos de la diversidad del sector que, a pesar de las dificultades del momento, contin\u00faan con balances positivos y desarrollando nuevos servicios y estrategias empresariales.<\/p>\n<p style=\"text-align: justify;\">El acto de presentaci\u00f3n del informe lo presidi\u00f3 el consejero de cultura, Ferran Mascarell, en la Filmoteca de Catalu\u00f1a el pasado 11 de julio.<\/p>\n<p><a href=\"http:\/\/blog.gmg.cat\/wp-content\/uploads\/2013\/07\/presentacio-GenCat.jpg\"><img loading=\"lazy\" decoding=\"async\" class=\"alignleft size-thumbnail wp-image-612\" title=\"presentacio GenCat\" src=\"http:\/\/blog.gmg.cat\/wp-content\/uploads\/2013\/07\/presentacio-GenCat-150x150.jpg\" alt=\"\" width=\"150\" height=\"150\" \/><\/a><\/p>\n","protected":false},"excerpt":{"rendered":"<p>GMG ha sido uno de los 28 despachos de arquitectura seleccionados para participar en un estudio sectorial promovido por la Consejer\u00eda de Cultura de la Generalitat de Catalu\u00f1a. El estudio, realizado por la consultor\u00eda Cluster Development, tiene por objetivo identificar los principales retos estrat\u00e9gicos de las empresas del sector de la arquitectura, fuertemente afectado por&hellip; <a class=\"more-link\" href=\"https:\/\/www.gmg.cat\/es\/el-departamento-de-cultura-promueve-la-creacion-de-un-cluster-para-impulsar-la-arquitectura-catalana\/\">Seguir leyendo <span class=\"screen-reader-text\">El Departamento de Cultura promueve la creaci\u00f3n de un cl\u00faster para impulsar la arquitectura catalana<\/span><\/a><\/p>\n","protected":false},"author":3,"featured_media":6612,"comment_status":"open","ping_status":"open","sticky":false,"template":"","format":"standard","meta":{"inline_featured_image":false,"footnotes":""},"categories":[28],"tags":[984,548],"class_list":["post-6611","post","type-post","status-publish","format-standard","has-post-thumbnail","hentry","category-otras","tag-cluster-darquitectura-es","tag-departamento-de-cultura","entry"],"acf":[],"yoast_head":"<!-- This site is optimized with the Yoast SEO plugin v21.5 - https:\/\/yoast.com\/wordpress\/plugins\/seo\/ -->\n<title>El Departamento de Cultura promueve la creaci\u00f3n de un cl\u00faster para impulsar la arquitectura catalana - GMG<\/title>\n<meta name=\"robots\" content=\"index, follow, max-snippet:-1, max-image-preview:large, max-video-preview:-1\" \/>\n<link rel=\"canonical\" href=\"https:\/\/www.gmg.cat\/es\/el-departamento-de-cultura-promueve-la-creacion-de-un-cluster-para-impulsar-la-arquitectura-catalana\/\" \/>\n<meta property=\"og:locale\" content=\"es_ES\" \/>\n<meta property=\"og:type\" content=\"article\" \/>\n<meta property=\"og:title\" content=\"El Departamento de Cultura promueve la creaci\u00f3n de un cl\u00faster para impulsar la arquitectura catalana - GMG\" \/>\n<meta property=\"og:description\" content=\"GMG ha sido uno de los 28 despachos de arquitectura seleccionados para participar en un estudio sectorial promovido por la Consejer\u00eda de Cultura de la Generalitat de Catalu\u00f1a. El estudio, realizado por la consultor\u00eda Cluster Development, tiene por objetivo identificar los principales retos estrat\u00e9gicos de las empresas del sector de la arquitectura, fuertemente afectado por&hellip; Seguir leyendo El Departamento de Cultura promueve la creaci\u00f3n de un cl\u00faster para impulsar la arquitectura catalana\" \/>\n<meta property=\"og:url\" content=\"https:\/\/www.gmg.cat\/es\/el-departamento-de-cultura-promueve-la-creacion-de-un-cluster-para-impulsar-la-arquitectura-catalana\/\" \/>\n<meta property=\"og:site_name\" content=\"GMG\" \/>\n<meta property=\"article:published_time\" content=\"2013-07-11T11:59:13+00:00\" \/>\n<meta property=\"article:modified_time\" content=\"2024-04-24T17:17:14+00:00\" \/>\n<meta name=\"author\" content=\"GMG\" \/>\n<meta name=\"twitter:card\" content=\"summary_large_image\" \/>\n<meta name=\"twitter:label1\" content=\"Escrito por\" \/>\n\t<meta name=\"twitter:data1\" content=\"GMG\" \/>\n\t<meta name=\"twitter:label2\" content=\"Tiempo de lectura\" \/>\n\t<meta name=\"twitter:data2\" content=\"1 minuto\" \/>\n<script type=\"application\/ld+json\" class=\"yoast-schema-graph\">{\"@context\":\"https:\/\/schema.org\",\"@graph\":[{\"@type\":\"WebPage\",\"@id\":\"https:\/\/www.gmg.cat\/es\/el-departamento-de-cultura-promueve-la-creacion-de-un-cluster-para-impulsar-la-arquitectura-catalana\/\",\"url\":\"https:\/\/www.gmg.cat\/es\/el-departamento-de-cultura-promueve-la-creacion-de-un-cluster-para-impulsar-la-arquitectura-catalana\/\",\"name\":\"El Departamento de Cultura promueve la creaci\u00f3n de un cl\u00faster para impulsar la arquitectura catalana - GMG\",\"isPartOf\":{\"@id\":\"https:\/\/www.gmg.cat\/es\/#website\"},\"datePublished\":\"2013-07-11T11:59:13+00:00\",\"dateModified\":\"2024-04-24T17:17:14+00:00\",\"author\":{\"@id\":\"https:\/\/www.gmg.cat\/es\/#\/schema\/person\/17a33fd03cd5b219b6ec1b6c43a13970\"},\"inLanguage\":\"es\",\"potentialAction\":[{\"@type\":\"ReadAction\",\"target\":[\"https:\/\/www.gmg.cat\/es\/el-departamento-de-cultura-promueve-la-creacion-de-un-cluster-para-impulsar-la-arquitectura-catalana\/\"]}]},{\"@type\":\"WebSite\",\"@id\":\"https:\/\/www.gmg.cat\/es\/#website\",\"url\":\"https:\/\/www.gmg.cat\/es\/\",\"name\":\"GMG\",\"description\":\"\",\"potentialAction\":[{\"@type\":\"SearchAction\",\"target\":{\"@type\":\"EntryPoint\",\"urlTemplate\":\"https:\/\/www.gmg.cat\/es\/?s={search_term_string}\"},\"query-input\":\"required name=search_term_string\"}],\"inLanguage\":\"es\"},{\"@type\":\"Person\",\"@id\":\"https:\/\/www.gmg.cat\/es\/#\/schema\/person\/17a33fd03cd5b219b6ec1b6c43a13970\",\"name\":\"GMG\",\"image\":{\"@type\":\"ImageObject\",\"inLanguage\":\"es\",\"@id\":\"https:\/\/www.gmg.cat\/es\/#\/schema\/person\/image\/\",\"url\":\"https:\/\/secure.gravatar.com\/avatar\/0b8a1419dc47166c17dcd8cf40c0d8020373c1488d8468255c90706af3b3630f?s=96&d=mm&r=g\",\"contentUrl\":\"https:\/\/secure.gravatar.com\/avatar\/0b8a1419dc47166c17dcd8cf40c0d8020373c1488d8468255c90706af3b3630f?s=96&d=mm&r=g\",\"caption\":\"GMG\"},\"url\":\"https:\/\/www.gmg.cat\/es\/author\/gmg\/\"}]}<\/script>\n<!-- \/ Yoast SEO plugin. -->","yoast_head_json":{"title":"El Departamento de Cultura promueve la creaci\u00f3n de un cl\u00faster para impulsar la arquitectura catalana - GMG","robots":{"index":"index","follow":"follow","max-snippet":"max-snippet:-1","max-image-preview":"max-image-preview:large","max-video-preview":"max-video-preview:-1"},"canonical":"https:\/\/www.gmg.cat\/es\/el-departamento-de-cultura-promueve-la-creacion-de-un-cluster-para-impulsar-la-arquitectura-catalana\/","og_locale":"es_ES","og_type":"article","og_title":"El Departamento de Cultura promueve la creaci\u00f3n de un cl\u00faster para impulsar la arquitectura catalana - GMG","og_description":"GMG ha sido uno de los 28 despachos de arquitectura seleccionados para participar en un estudio sectorial promovido por la Consejer\u00eda de Cultura de la Generalitat de Catalu\u00f1a. El estudio, realizado por la consultor\u00eda Cluster Development, tiene por objetivo identificar los principales retos estrat\u00e9gicos de las empresas del sector de la arquitectura, fuertemente afectado por&hellip; Seguir leyendo El Departamento de Cultura promueve la creaci\u00f3n de un cl\u00faster para impulsar la arquitectura catalana","og_url":"https:\/\/www.gmg.cat\/es\/el-departamento-de-cultura-promueve-la-creacion-de-un-cluster-para-impulsar-la-arquitectura-catalana\/","og_site_name":"GMG","article_published_time":"2013-07-11T11:59:13+00:00","article_modified_time":"2024-04-24T17:17:14+00:00","author":"GMG","twitter_card":"summary_large_image","twitter_misc":{"Escrito por":"GMG","Tiempo de lectura":"1 minuto"},"schema":{"@context":"https:\/\/schema.org","@graph":[{"@type":"WebPage","@id":"https:\/\/www.gmg.cat\/es\/el-departamento-de-cultura-promueve-la-creacion-de-un-cluster-para-impulsar-la-arquitectura-catalana\/","url":"https:\/\/www.gmg.cat\/es\/el-departamento-de-cultura-promueve-la-creacion-de-un-cluster-para-impulsar-la-arquitectura-catalana\/","name":"El Departamento de Cultura promueve la creaci\u00f3n de un cl\u00faster para impulsar la arquitectura catalana - GMG","isPartOf":{"@id":"https:\/\/www.gmg.cat\/es\/#website"},"datePublished":"2013-07-11T11:59:13+00:00","dateModified":"2024-04-24T17:17:14+00:00","author":{"@id":"https:\/\/www.gmg.cat\/es\/#\/schema\/person\/17a33fd03cd5b219b6ec1b6c43a13970"},"inLanguage":"es","potentialAction":[{"@type":"ReadAction","target":["https:\/\/www.gmg.cat\/es\/el-departamento-de-cultura-promueve-la-creacion-de-un-cluster-para-impulsar-la-arquitectura-catalana\/"]}]},{"@type":"WebSite","@id":"https:\/\/www.gmg.cat\/es\/#website","url":"https:\/\/www.gmg.cat\/es\/","name":"GMG","description":"","potentialAction":[{"@type":"SearchAction","target":{"@type":"EntryPoint","urlTemplate":"https:\/\/www.gmg.cat\/es\/?s={search_term_string}"},"query-input":"required name=search_term_string"}],"inLanguage":"es"},{"@type":"Person","@id":"https:\/\/www.gmg.cat\/es\/#\/schema\/person\/17a33fd03cd5b219b6ec1b6c43a13970","name":"GMG","image":{"@type":"ImageObject","inLanguage":"es","@id":"https:\/\/www.gmg.cat\/es\/#\/schema\/person\/image\/","url":"https:\/\/secure.gravatar.com\/avatar\/0b8a1419dc47166c17dcd8cf40c0d8020373c1488d8468255c90706af3b3630f?s=96&d=mm&r=g","contentUrl":"https:\/\/secure.gravatar.com\/avatar\/0b8a1419dc47166c17dcd8cf40c0d8020373c1488d8468255c90706af3b3630f?s=96&d=mm&r=g","caption":"GMG"},"url":"https:\/\/www.gmg.cat\/es\/author\/gmg\/"}]}},"_links":{"self":[{"href":"https:\/\/www.gmg.cat\/es\/wp-json\/wp\/v2\/posts\/6611","targetHints":{"allow":["GET"]}}],"collection":[{"href":"https:\/\/www.gmg.cat\/es\/wp-json\/wp\/v2\/posts"}],"about":[{"href":"https:\/\/www.gmg.cat\/es\/wp-json\/wp\/v2\/types\/post"}],"author":[{"embeddable":true,"href":"https:\/\/www.gmg.cat\/es\/wp-json\/wp\/v2\/users\/3"}],"replies":[{"embeddable":true,"href":"https:\/\/www.gmg.cat\/es\/wp-json\/wp\/v2\/comments?post=6611"}],"version-history":[{"count":4,"href":"https:\/\/www.gmg.cat\/es\/wp-json\/wp\/v2\/posts\/6611\/revisions"}],"predecessor-version":[{"id":11370,"href":"https:\/\/www.gmg.cat\/es\/wp-json\/wp\/v2\/posts\/6611\/revisions\/11370"}],"wp:featuredmedia":[{"embeddable":true,"href":"https:\/\/www.gmg.cat\/es\/wp-json\/wp\/v2\/media\/6612"}],"wp:attachment":[{"href":"https:\/\/www.gmg.cat\/es\/wp-json\/wp\/v2\/media?parent=6611"}],"wp:term":[{"taxonomy":"category","embeddable":true,"href":"https:\/\/www.gmg.cat\/es\/wp-json\/wp\/v2\/categories?post=6611"},{"taxonomy":"post_tag","embeddable":true,"href":"https:\/\/www.gmg.cat\/es\/wp-json\/wp\/v2\/tags?post=6611"}],"curies":[{"name":"wp","href":"https:\/\/api.w.org\/{rel}","templated":true}]}}