{"id":6992,"date":"2014-11-05T16:28:51","date_gmt":"2014-11-05T15:28:51","guid":{"rendered":"http:\/\/blog.gmg.cat\/?p=992"},"modified":"2024-04-25T16:49:11","modified_gmt":"2024-04-25T14:49:11","slug":"implica-finaliza-un-bloque-de-viviendas-en-el-prat-de-llobregat","status":"publish","type":"post","link":"https:\/\/www.gmg.cat\/es\/implica-finaliza-un-bloque-de-viviendas-en-el-prat-de-llobregat\/","title":{"rendered":"IMPLICA finaliza un bloque de viviendas en El Prat de Llobregat"},"content":{"rendered":"<p>SAREB deleg\u00f3 a IMPLICA la gesti\u00f3n para la finalizaci\u00f3n de una promoci\u00f3n de viviendas en El Prat de Llobregat. IMPLICA desarroll\u00f3 el informe Due Diligence para determinar el estado real del edificio con el objetivo de poder comercializar adecuadamente todos los departamentos. Los trabajos pendientes se licitaron y se adjudic\u00f3 a ALDACAR la ejecuci\u00f3n de los mismos. Durante el pasado verano, se desarrollaron las actuaciones previstas y se finalizaron sin desviaciones de coste ni plazos. En estos momentos se est\u00e1 procediendo a la comercializaci\u00f3n de las viviendas.<\/p>\n<p>Gracias a la colaboraci\u00f3n de todas las personas que han intervenido en este proyecto, hemos podido dar salida a un activo adjudicado que durante m\u00e1s de cuatro a\u00f1os estuvo parado y sin prestar el servicio para el cual se hab\u00eda proyectado.<\/p>\n<div id='gallery-1' class='gallery galleryid-6992 gallery-columns-6 gallery-size-thumbnail'><figure class='gallery-item'>\n\t\t\t<div class='gallery-icon portrait'>\n\t\t\t\t<a href='https:\/\/www.gmg.cat\/wp-content\/uploads\/2014\/11\/P1110622.jpg'><img loading=\"lazy\" decoding=\"async\" width=\"150\" height=\"150\" src=\"https:\/\/www.gmg.cat\/wp-content\/uploads\/2014\/11\/P1110622-150x150.jpg\" class=\"attachment-thumbnail size-thumbnail\" alt=\"\" style=\"width:100%;height:133.33%;max-width:360px;\" \/><\/a>\n\t\t\t<\/div><\/figure><figure class='gallery-item'>\n\t\t\t<div class='gallery-icon '>\n\t\t\t\t<a href='https:\/\/blog.gmg.cat\/wp-content\/uploads\/2014\/11\/P1110604.jpg'>P1110604<\/a>\n\t\t\t<\/div><\/figure><figure class='gallery-item'>\n\t\t\t<div class='gallery-icon '>\n\t\t\t\t<a href='https:\/\/blog.gmg.cat\/wp-content\/uploads\/2014\/11\/P1110622.jpg'>P1110622<\/a>\n\t\t\t<\/div><\/figure><figure class='gallery-item'>\n\t\t\t<div class='gallery-icon portrait'>\n\t\t\t\t<a href='https:\/\/www.gmg.cat\/wp-content\/uploads\/2014\/11\/P1110600.jpg'><img loading=\"lazy\" decoding=\"async\" width=\"150\" height=\"150\" src=\"https:\/\/www.gmg.cat\/wp-content\/uploads\/2014\/11\/P1110600-150x150.jpg\" class=\"attachment-thumbnail size-thumbnail\" alt=\"\" style=\"width:100%;height:133.33%;max-width:360px;\" \/><\/a>\n\t\t\t<\/div><\/figure><figure class='gallery-item'>\n\t\t\t<div class='gallery-icon landscape'>\n\t\t\t\t<a href='https:\/\/www.gmg.cat\/wp-content\/uploads\/2014\/11\/P1110608.jpg'><img loading=\"lazy\" decoding=\"async\" width=\"150\" height=\"150\" src=\"https:\/\/www.gmg.cat\/wp-content\/uploads\/2014\/11\/P1110608-150x150.jpg\" class=\"attachment-thumbnail size-thumbnail\" alt=\"\" style=\"width:100%;height:75%;max-width:640px;\" \/><\/a>\n\t\t\t<\/div><\/figure><figure class='gallery-item'>\n\t\t\t<div class='gallery-icon landscape'>\n\t\t\t\t<a href='https:\/\/www.gmg.cat\/wp-content\/uploads\/2014\/11\/P1110623.jpg'><img loading=\"lazy\" decoding=\"async\" width=\"150\" height=\"150\" src=\"https:\/\/www.gmg.cat\/wp-content\/uploads\/2014\/11\/P1110623-150x150.jpg\" class=\"attachment-thumbnail size-thumbnail\" alt=\"\" style=\"width:100%;height:75%;max-width:640px;\" \/><\/a>\n\t\t\t<\/div><\/figure><figure class='gallery-item'>\n\t\t\t<div class='gallery-icon '>\n\t\t\t\t<a href='https:\/\/blog.gmg.cat\/wp-content\/uploads\/2014\/11\/P1110600.jpg'>P1110600<\/a>\n\t\t\t<\/div><\/figure><figure class='gallery-item'>\n\t\t\t<div class='gallery-icon '>\n\t\t\t\t<a href='https:\/\/blog.gmg.cat\/wp-content\/uploads\/2014\/11\/P1110609.jpg'>P1110609<\/a>\n\t\t\t<\/div><\/figure><figure class='gallery-item'>\n\t\t\t<div class='gallery-icon landscape'>\n\t\t\t\t<a href='https:\/\/www.gmg.cat\/wp-content\/uploads\/2014\/11\/P1110604.jpg'><img loading=\"lazy\" decoding=\"async\" width=\"150\" height=\"150\" src=\"https:\/\/www.gmg.cat\/wp-content\/uploads\/2014\/11\/P1110604-150x150.jpg\" class=\"attachment-thumbnail size-thumbnail\" alt=\"\" style=\"width:100%;height:75%;max-width:640px;\" \/><\/a>\n\t\t\t<\/div><\/figure><figure class='gallery-item'>\n\t\t\t<div class='gallery-icon '>\n\t\t\t\t<a href='https:\/\/blog.gmg.cat\/wp-content\/uploads\/2014\/11\/P1110617.jpg'>P1110617<\/a>\n\t\t\t<\/div><\/figure><figure class='gallery-item'>\n\t\t\t<div class='gallery-icon '>\n\t\t\t\t<a href='https:\/\/blog.gmg.cat\/wp-content\/uploads\/2014\/11\/P1110623.jpg'>P1110623<\/a>\n\t\t\t<\/div><\/figure><figure class='gallery-item'>\n\t\t\t<div class='gallery-icon landscape'>\n\t\t\t\t<a href='https:\/\/www.gmg.cat\/wp-content\/uploads\/2014\/11\/P1110617.jpg'><img loading=\"lazy\" decoding=\"async\" width=\"150\" height=\"150\" src=\"https:\/\/www.gmg.cat\/wp-content\/uploads\/2014\/11\/P1110617-150x150.jpg\" class=\"attachment-thumbnail size-thumbnail\" alt=\"\" style=\"width:100%;height:75%;max-width:640px;\" \/><\/a>\n\t\t\t<\/div><\/figure>\n\t\t<\/div>\n\n","protected":false},"excerpt":{"rendered":"<p>SAREB deleg\u00f3 a IMPLICA la gesti\u00f3n para la finalizaci\u00f3n de una promoci\u00f3n de viviendas en El Prat de Llobregat. IMPLICA desarroll\u00f3 el informe Due Diligence para determinar el estado real del edificio con el objetivo de poder comercializar adecuadamente todos los departamentos. Los trabajos pendientes se licitaron y se adjudic\u00f3 a ALDACAR la ejecuci\u00f3n de&hellip; <a class=\"more-link\" href=\"https:\/\/www.gmg.cat\/es\/implica-finaliza-un-bloque-de-viviendas-en-el-prat-de-llobregat\/\">Seguir leyendo <span class=\"screen-reader-text\">IMPLICA finaliza un bloque de viviendas en El Prat de Llobregat<\/span><\/a><\/p>\n","protected":false},"author":5,"featured_media":6993,"comment_status":"open","ping_status":"open","sticky":false,"template":"","format":"standard","meta":{"inline_featured_image":false,"footnotes":""},"categories":[28],"tags":[166,562,1006,1013,772],"class_list":["post-6992","post","type-post","status-publish","format-standard","has-post-thumbnail","hentry","category-otras","tag-el-prat-de-llobregat","tag-el-prat-de-llobregat-es","tag-gestio-dactius-immobiliaris-es","tag-gestion-de-activos-adjudicados-es","tag-sareb-es","entry"],"acf":[],"yoast_head":"<!-- This site is optimized with the Yoast SEO plugin v21.5 - https:\/\/yoast.com\/wordpress\/plugins\/seo\/ -->\n<title>IMPLICA finaliza un bloque de viviendas en El Prat de Llobregat - GMG<\/title>\n<meta name=\"robots\" content=\"index, follow, max-snippet:-1, max-image-preview:large, max-video-preview:-1\" \/>\n<link rel=\"canonical\" href=\"https:\/\/www.gmg.cat\/es\/implica-finaliza-un-bloque-de-viviendas-en-el-prat-de-llobregat\/\" \/>\n<meta property=\"og:locale\" content=\"es_ES\" \/>\n<meta property=\"og:type\" content=\"article\" \/>\n<meta property=\"og:title\" content=\"IMPLICA finaliza un bloque de viviendas en El Prat de Llobregat - GMG\" \/>\n<meta property=\"og:description\" content=\"SAREB deleg\u00f3 a IMPLICA la gesti\u00f3n para la finalizaci\u00f3n de una promoci\u00f3n de viviendas en El Prat de Llobregat. IMPLICA desarroll\u00f3 el informe Due Diligence para determinar el estado real del edificio con el objetivo de poder comercializar adecuadamente todos los departamentos. Los trabajos pendientes se licitaron y se adjudic\u00f3 a ALDACAR la ejecuci\u00f3n de&hellip; Seguir leyendo IMPLICA finaliza un bloque de viviendas en El Prat de Llobregat\" \/>\n<meta property=\"og:url\" content=\"https:\/\/www.gmg.cat\/es\/implica-finaliza-un-bloque-de-viviendas-en-el-prat-de-llobregat\/\" \/>\n<meta property=\"og:site_name\" content=\"GMG\" \/>\n<meta property=\"article:published_time\" content=\"2014-11-05T15:28:51+00:00\" \/>\n<meta property=\"article:modified_time\" content=\"2024-04-25T14:49:11+00:00\" \/>\n<meta name=\"author\" content=\"IMPLICA\" \/>\n<meta name=\"twitter:card\" content=\"summary_large_image\" \/>\n<meta name=\"twitter:label1\" content=\"Escrito por\" \/>\n\t<meta name=\"twitter:data1\" content=\"IMPLICA\" \/>\n\t<meta name=\"twitter:label2\" content=\"Tiempo de lectura\" \/>\n\t<meta name=\"twitter:data2\" content=\"1 minuto\" \/>\n<script type=\"application\/ld+json\" class=\"yoast-schema-graph\">{\"@context\":\"https:\/\/schema.org\",\"@graph\":[{\"@type\":\"WebPage\",\"@id\":\"https:\/\/www.gmg.cat\/es\/implica-finaliza-un-bloque-de-viviendas-en-el-prat-de-llobregat\/\",\"url\":\"https:\/\/www.gmg.cat\/es\/implica-finaliza-un-bloque-de-viviendas-en-el-prat-de-llobregat\/\",\"name\":\"IMPLICA finaliza un bloque de viviendas en El Prat de Llobregat - GMG\",\"isPartOf\":{\"@id\":\"https:\/\/www.gmg.cat\/es\/#website\"},\"datePublished\":\"2014-11-05T15:28:51+00:00\",\"dateModified\":\"2024-04-25T14:49:11+00:00\",\"author\":{\"@id\":\"https:\/\/www.gmg.cat\/es\/#\/schema\/person\/1f6c1f0d4e87a5f6345399159e9bdb7d\"},\"inLanguage\":\"es\",\"potentialAction\":[{\"@type\":\"ReadAction\",\"target\":[\"https:\/\/www.gmg.cat\/es\/implica-finaliza-un-bloque-de-viviendas-en-el-prat-de-llobregat\/\"]}]},{\"@type\":\"WebSite\",\"@id\":\"https:\/\/www.gmg.cat\/es\/#website\",\"url\":\"https:\/\/www.gmg.cat\/es\/\",\"name\":\"GMG\",\"description\":\"\",\"potentialAction\":[{\"@type\":\"SearchAction\",\"target\":{\"@type\":\"EntryPoint\",\"urlTemplate\":\"https:\/\/www.gmg.cat\/es\/?s={search_term_string}\"},\"query-input\":\"required name=search_term_string\"}],\"inLanguage\":\"es\"},{\"@type\":\"Person\",\"@id\":\"https:\/\/www.gmg.cat\/es\/#\/schema\/person\/1f6c1f0d4e87a5f6345399159e9bdb7d\",\"name\":\"IMPLICA\",\"image\":{\"@type\":\"ImageObject\",\"inLanguage\":\"es\",\"@id\":\"https:\/\/www.gmg.cat\/es\/#\/schema\/person\/image\/\",\"url\":\"https:\/\/secure.gravatar.com\/avatar\/2b1d33bf7256643dd6479c95d914f30838330c14b7b44b675fdaf12fea7791a0?s=96&d=mm&r=g\",\"contentUrl\":\"https:\/\/secure.gravatar.com\/avatar\/2b1d33bf7256643dd6479c95d914f30838330c14b7b44b675fdaf12fea7791a0?s=96&d=mm&r=g\",\"caption\":\"IMPLICA\"},\"url\":\"https:\/\/www.gmg.cat\/es\/author\/implica\/\"}]}<\/script>\n<!-- \/ Yoast SEO plugin. -->","yoast_head_json":{"title":"IMPLICA finaliza un bloque de viviendas en El Prat de Llobregat - GMG","robots":{"index":"index","follow":"follow","max-snippet":"max-snippet:-1","max-image-preview":"max-image-preview:large","max-video-preview":"max-video-preview:-1"},"canonical":"https:\/\/www.gmg.cat\/es\/implica-finaliza-un-bloque-de-viviendas-en-el-prat-de-llobregat\/","og_locale":"es_ES","og_type":"article","og_title":"IMPLICA finaliza un bloque de viviendas en El Prat de Llobregat - GMG","og_description":"SAREB deleg\u00f3 a IMPLICA la gesti\u00f3n para la finalizaci\u00f3n de una promoci\u00f3n de viviendas en El Prat de Llobregat. IMPLICA desarroll\u00f3 el informe Due Diligence para determinar el estado real del edificio con el objetivo de poder comercializar adecuadamente todos los departamentos. Los trabajos pendientes se licitaron y se adjudic\u00f3 a ALDACAR la ejecuci\u00f3n de&hellip; Seguir leyendo IMPLICA finaliza un bloque de viviendas en El Prat de Llobregat","og_url":"https:\/\/www.gmg.cat\/es\/implica-finaliza-un-bloque-de-viviendas-en-el-prat-de-llobregat\/","og_site_name":"GMG","article_published_time":"2014-11-05T15:28:51+00:00","article_modified_time":"2024-04-25T14:49:11+00:00","author":"IMPLICA","twitter_card":"summary_large_image","twitter_misc":{"Escrito por":"IMPLICA","Tiempo de lectura":"1 minuto"},"schema":{"@context":"https:\/\/schema.org","@graph":[{"@type":"WebPage","@id":"https:\/\/www.gmg.cat\/es\/implica-finaliza-un-bloque-de-viviendas-en-el-prat-de-llobregat\/","url":"https:\/\/www.gmg.cat\/es\/implica-finaliza-un-bloque-de-viviendas-en-el-prat-de-llobregat\/","name":"IMPLICA finaliza un bloque de viviendas en El Prat de Llobregat - GMG","isPartOf":{"@id":"https:\/\/www.gmg.cat\/es\/#website"},"datePublished":"2014-11-05T15:28:51+00:00","dateModified":"2024-04-25T14:49:11+00:00","author":{"@id":"https:\/\/www.gmg.cat\/es\/#\/schema\/person\/1f6c1f0d4e87a5f6345399159e9bdb7d"},"inLanguage":"es","potentialAction":[{"@type":"ReadAction","target":["https:\/\/www.gmg.cat\/es\/implica-finaliza-un-bloque-de-viviendas-en-el-prat-de-llobregat\/"]}]},{"@type":"WebSite","@id":"https:\/\/www.gmg.cat\/es\/#website","url":"https:\/\/www.gmg.cat\/es\/","name":"GMG","description":"","potentialAction":[{"@type":"SearchAction","target":{"@type":"EntryPoint","urlTemplate":"https:\/\/www.gmg.cat\/es\/?s={search_term_string}"},"query-input":"required name=search_term_string"}],"inLanguage":"es"},{"@type":"Person","@id":"https:\/\/www.gmg.cat\/es\/#\/schema\/person\/1f6c1f0d4e87a5f6345399159e9bdb7d","name":"IMPLICA","image":{"@type":"ImageObject","inLanguage":"es","@id":"https:\/\/www.gmg.cat\/es\/#\/schema\/person\/image\/","url":"https:\/\/secure.gravatar.com\/avatar\/2b1d33bf7256643dd6479c95d914f30838330c14b7b44b675fdaf12fea7791a0?s=96&d=mm&r=g","contentUrl":"https:\/\/secure.gravatar.com\/avatar\/2b1d33bf7256643dd6479c95d914f30838330c14b7b44b675fdaf12fea7791a0?s=96&d=mm&r=g","caption":"IMPLICA"},"url":"https:\/\/www.gmg.cat\/es\/author\/implica\/"}]}},"_links":{"self":[{"href":"https:\/\/www.gmg.cat\/es\/wp-json\/wp\/v2\/posts\/6992","targetHints":{"allow":["GET"]}}],"collection":[{"href":"https:\/\/www.gmg.cat\/es\/wp-json\/wp\/v2\/posts"}],"about":[{"href":"https:\/\/www.gmg.cat\/es\/wp-json\/wp\/v2\/types\/post"}],"author":[{"embeddable":true,"href":"https:\/\/www.gmg.cat\/es\/wp-json\/wp\/v2\/users\/5"}],"replies":[{"embeddable":true,"href":"https:\/\/www.gmg.cat\/es\/wp-json\/wp\/v2\/comments?post=6992"}],"version-history":[{"count":3,"href":"https:\/\/www.gmg.cat\/es\/wp-json\/wp\/v2\/posts\/6992\/revisions"}],"predecessor-version":[{"id":11405,"href":"https:\/\/www.gmg.cat\/es\/wp-json\/wp\/v2\/posts\/6992\/revisions\/11405"}],"wp:featuredmedia":[{"embeddable":true,"href":"https:\/\/www.gmg.cat\/es\/wp-json\/wp\/v2\/media\/6993"}],"wp:attachment":[{"href":"https:\/\/www.gmg.cat\/es\/wp-json\/wp\/v2\/media?parent=6992"}],"wp:term":[{"taxonomy":"category","embeddable":true,"href":"https:\/\/www.gmg.cat\/es\/wp-json\/wp\/v2\/categories?post=6992"},{"taxonomy":"post_tag","embeddable":true,"href":"https:\/\/www.gmg.cat\/es\/wp-json\/wp\/v2\/tags?post=6992"}],"curies":[{"name":"wp","href":"https:\/\/api.w.org\/{rel}","templated":true}]}}