{"id":7102,"date":"2015-06-29T15:52:09","date_gmt":"2015-06-29T13:52:09","guid":{"rendered":"http:\/\/blog.gmg.cat\/?p=1102"},"modified":"2024-04-25T17:20:09","modified_gmt":"2024-04-25T15:20:09","slug":"primera-rehabilitacion-energetica-integral-de-un-edificio-de-viviendas-en-terrassa","status":"publish","type":"post","link":"https:\/\/www.gmg.cat\/es\/primera-rehabilitacion-energetica-integral-de-un-edificio-de-viviendas-en-terrassa\/","title":{"rendered":"Primera rehabilitaci\u00f3n energ\u00e9tica integral de un edificio de viviendas en Terrassa"},"content":{"rendered":"<p style=\"text-align: justify;\">Este mes de junio GMG ha realizado el proyecto para la rehabilitaci\u00f3n energ\u00e9tica de un edificio de viviendas en el centro de Terrassa.<\/p>\n<p style=\"text-align: justify;\">Se trata de un edificio plurifamiliar construido a principios de los a\u00f1os 80 y actualmente en desuso. El proyecto consta de 4 viviendas y 4 plazas de aparcamiento y est\u00e1 previsto iniciar las obras despu\u00e9s del verano. Las viviendas son de 4 habitaciones y de una superficie \u00fatil de 100 m2.<\/p>\n<p style=\"text-align: justify;\">El proyecto se ha centrado en optimizar el comportamiento pasivo del edificio y reducir su carga t\u00e9rmica hasta los 25 kwh \/ m2 a\u00f1o aplicando un buen aislamiento t\u00e9rmico en fachadas, medianeras y cubierta, y consiguiendo romper al m\u00e1ximo la existencia de puentes t\u00e9rmicos en el edificio. Tambi\u00e9n se ha optado por carpinter\u00edas y acristalamientos muy eficientes.<\/p>\n<p style=\"text-align: justify;\">Como sistemas activos hemos proyectado una instalaci\u00f3n de aerotermia para la producci\u00f3n de agua caliente, refrigeraci\u00f3n y calefacci\u00f3n, que conjuntamente con un sistema de ventilaci\u00f3n con recuperaci\u00f3n de calor y el buen aislamiento del edificio, permitir\u00e1 que la calidad y confort dentro de las viviendas sea muy alta y con muchos bajos consumos energ\u00e9ticos. El coste de esta instalaci\u00f3n es pr\u00e1cticamente equivalente al de una instalaci\u00f3n convencional con caldera de gas con radiadores y placas solares.<\/p>\n<p style=\"text-align: justify;\">Est\u00e1 previsto que las viviendas obtengan la clasificaci\u00f3n energ\u00e9tica B y hemos estimado el coste medio del consumo energ\u00e9tico en unos 60 \u20ac \/ mes por vivienda (IVA incluido). Esto supone un 70% menos de consumo que en una vivienda convencional.<\/p>\n<p style=\"text-align: justify;\">El proyecto optar\u00e1 tambi\u00e9n a las ayudas previstas por el Instituto para la Diversificaci\u00f3n y Ahorro de la Energ\u00eda (IDAE).<\/p>\n<div id='gallery-1' class='gallery galleryid-7102 gallery-columns-3 gallery-size-thumbnail'><figure class='gallery-item'>\n\t\t\t<div class='gallery-icon '>\n\t\t\t\t<a href='https:\/\/blog.gmg.cat\/wp-content\/uploads\/2015\/06\/apius.jpg'>apius<\/a>\n\t\t\t<\/div><\/figure><figure class='gallery-item'>\n\t\t\t<div class='gallery-icon portrait'>\n\t\t\t\t<a href='https:\/\/www.gmg.cat\/wp-content\/uploads\/2015\/06\/apius.jpg'><img loading=\"lazy\" decoding=\"async\" width=\"150\" height=\"150\" src=\"https:\/\/www.gmg.cat\/wp-content\/uploads\/2015\/06\/apius-150x150.jpg\" class=\"attachment-thumbnail size-thumbnail\" alt=\"\" style=\"width:100%;height:178.71%;max-width:573px;\" \/><\/a>\n\t\t\t<\/div><\/figure><figure class='gallery-item'>\n\t\t\t<div class='gallery-icon '>\n\t\t\t\t<a href='https:\/\/blog.gmg.cat\/wp-content\/uploads\/2015\/06\/Al\u00e7at-Antoninus-Proposta2.jpg'>Al\u00e7at Antoninus- Proposta2<\/a>\n\t\t\t<\/div><\/figure><figure class='gallery-item'>\n\t\t\t<div class='gallery-icon portrait'>\n\t\t\t\t<a href='https:\/\/www.gmg.cat\/wp-content\/uploads\/2015\/06\/Al\u00e7at-Antoninus-Proposta2.jpg'><img loading=\"lazy\" decoding=\"async\" width=\"150\" height=\"150\" src=\"https:\/\/www.gmg.cat\/wp-content\/uploads\/2015\/06\/Al\u00e7at-Antoninus-Proposta2-150x150.jpg\" class=\"attachment-thumbnail size-thumbnail\" alt=\"\" style=\"width:100%;height:138.75%;max-width:738px;\" \/><\/a>\n\t\t\t<\/div><\/figure><figure class='gallery-item'>\n\t\t\t<div class='gallery-icon '>\n\t\t\t\t<a href='https:\/\/blog.gmg.cat\/wp-content\/uploads\/2015\/06\/Planta.jpg'>Planta<\/a>\n\t\t\t<\/div><\/figure><figure class='gallery-item'>\n\t\t\t<div class='gallery-icon landscape'>\n\t\t\t\t<a href='https:\/\/www.gmg.cat\/wp-content\/uploads\/2015\/06\/Planta.jpg'><img loading=\"lazy\" decoding=\"async\" width=\"150\" height=\"150\" src=\"https:\/\/www.gmg.cat\/wp-content\/uploads\/2015\/06\/Planta-150x150.jpg\" class=\"attachment-thumbnail size-thumbnail\" alt=\"\" style=\"width:100%;height:50.39%;max-width:1280px;\" \/><\/a>\n\t\t\t<\/div><\/figure>\n\t\t<\/div>\n\n","protected":false},"excerpt":{"rendered":"<p>Este mes de junio GMG ha realizado el proyecto para la rehabilitaci\u00f3n energ\u00e9tica de un edificio de viviendas en el centro de Terrassa. Se trata de un edificio plurifamiliar construido a principios de los a\u00f1os 80 y actualmente en desuso. El proyecto consta de 4 viviendas y 4 plazas de aparcamiento y est\u00e1 previsto iniciar&hellip; <a class=\"more-link\" href=\"https:\/\/www.gmg.cat\/es\/primera-rehabilitacion-energetica-integral-de-un-edificio-de-viviendas-en-terrassa\/\">Seguir leyendo <span class=\"screen-reader-text\">Primera rehabilitaci\u00f3n energ\u00e9tica integral de un edificio de viviendas en Terrassa<\/span><\/a><\/p>\n","protected":false},"author":3,"featured_media":7110,"comment_status":"open","ping_status":"open","sticky":false,"template":"","format":"standard","meta":{"inline_featured_image":false,"footnotes":""},"categories":[28],"tags":[834,560],"class_list":["post-7102","post","type-post","status-publish","format-standard","has-post-thumbnail","hentry","category-otras","tag-ayudas-rehabilitacion-energetica","tag-eficiencia-energetica-es","entry"],"acf":[],"yoast_head":"<!-- This site is optimized with the Yoast SEO plugin v21.5 - https:\/\/yoast.com\/wordpress\/plugins\/seo\/ -->\n<title>Primera rehabilitaci\u00f3n energ\u00e9tica integral de un edificio de viviendas en Terrassa - GMG<\/title>\n<meta name=\"robots\" content=\"index, follow, max-snippet:-1, max-image-preview:large, max-video-preview:-1\" \/>\n<link rel=\"canonical\" href=\"https:\/\/www.gmg.cat\/es\/primera-rehabilitacion-energetica-integral-de-un-edificio-de-viviendas-en-terrassa\/\" \/>\n<meta property=\"og:locale\" content=\"es_ES\" \/>\n<meta property=\"og:type\" content=\"article\" \/>\n<meta property=\"og:title\" content=\"Primera rehabilitaci\u00f3n energ\u00e9tica integral de un edificio de viviendas en Terrassa - GMG\" \/>\n<meta property=\"og:description\" content=\"Este mes de junio GMG ha realizado el proyecto para la rehabilitaci\u00f3n energ\u00e9tica de un edificio de viviendas en el centro de Terrassa. Se trata de un edificio plurifamiliar construido a principios de los a\u00f1os 80 y actualmente en desuso. El proyecto consta de 4 viviendas y 4 plazas de aparcamiento y est\u00e1 previsto iniciar&hellip; Seguir leyendo Primera rehabilitaci\u00f3n energ\u00e9tica integral de un edificio de viviendas en Terrassa\" \/>\n<meta property=\"og:url\" content=\"https:\/\/www.gmg.cat\/es\/primera-rehabilitacion-energetica-integral-de-un-edificio-de-viviendas-en-terrassa\/\" \/>\n<meta property=\"og:site_name\" content=\"GMG\" \/>\n<meta property=\"article:published_time\" content=\"2015-06-29T13:52:09+00:00\" \/>\n<meta property=\"article:modified_time\" content=\"2024-04-25T15:20:09+00:00\" \/>\n<meta name=\"author\" content=\"GMG\" \/>\n<meta name=\"twitter:card\" content=\"summary_large_image\" \/>\n<meta name=\"twitter:label1\" content=\"Escrito por\" \/>\n\t<meta name=\"twitter:data1\" content=\"GMG\" \/>\n\t<meta name=\"twitter:label2\" content=\"Tiempo de lectura\" \/>\n\t<meta name=\"twitter:data2\" content=\"1 minuto\" \/>\n<script type=\"application\/ld+json\" class=\"yoast-schema-graph\">{\"@context\":\"https:\/\/schema.org\",\"@graph\":[{\"@type\":\"WebPage\",\"@id\":\"https:\/\/www.gmg.cat\/es\/primera-rehabilitacion-energetica-integral-de-un-edificio-de-viviendas-en-terrassa\/\",\"url\":\"https:\/\/www.gmg.cat\/es\/primera-rehabilitacion-energetica-integral-de-un-edificio-de-viviendas-en-terrassa\/\",\"name\":\"Primera rehabilitaci\u00f3n energ\u00e9tica integral de un edificio de viviendas en Terrassa - GMG\",\"isPartOf\":{\"@id\":\"https:\/\/www.gmg.cat\/es\/#website\"},\"datePublished\":\"2015-06-29T13:52:09+00:00\",\"dateModified\":\"2024-04-25T15:20:09+00:00\",\"author\":{\"@id\":\"https:\/\/www.gmg.cat\/es\/#\/schema\/person\/17a33fd03cd5b219b6ec1b6c43a13970\"},\"inLanguage\":\"es\",\"potentialAction\":[{\"@type\":\"ReadAction\",\"target\":[\"https:\/\/www.gmg.cat\/es\/primera-rehabilitacion-energetica-integral-de-un-edificio-de-viviendas-en-terrassa\/\"]}]},{\"@type\":\"WebSite\",\"@id\":\"https:\/\/www.gmg.cat\/es\/#website\",\"url\":\"https:\/\/www.gmg.cat\/es\/\",\"name\":\"GMG\",\"description\":\"\",\"potentialAction\":[{\"@type\":\"SearchAction\",\"target\":{\"@type\":\"EntryPoint\",\"urlTemplate\":\"https:\/\/www.gmg.cat\/es\/?s={search_term_string}\"},\"query-input\":\"required name=search_term_string\"}],\"inLanguage\":\"es\"},{\"@type\":\"Person\",\"@id\":\"https:\/\/www.gmg.cat\/es\/#\/schema\/person\/17a33fd03cd5b219b6ec1b6c43a13970\",\"name\":\"GMG\",\"image\":{\"@type\":\"ImageObject\",\"inLanguage\":\"es\",\"@id\":\"https:\/\/www.gmg.cat\/es\/#\/schema\/person\/image\/\",\"url\":\"https:\/\/secure.gravatar.com\/avatar\/0b8a1419dc47166c17dcd8cf40c0d8020373c1488d8468255c90706af3b3630f?s=96&d=mm&r=g\",\"contentUrl\":\"https:\/\/secure.gravatar.com\/avatar\/0b8a1419dc47166c17dcd8cf40c0d8020373c1488d8468255c90706af3b3630f?s=96&d=mm&r=g\",\"caption\":\"GMG\"},\"url\":\"https:\/\/www.gmg.cat\/es\/author\/gmg\/\"}]}<\/script>\n<!-- \/ Yoast SEO plugin. -->","yoast_head_json":{"title":"Primera rehabilitaci\u00f3n energ\u00e9tica integral de un edificio de viviendas en Terrassa - GMG","robots":{"index":"index","follow":"follow","max-snippet":"max-snippet:-1","max-image-preview":"max-image-preview:large","max-video-preview":"max-video-preview:-1"},"canonical":"https:\/\/www.gmg.cat\/es\/primera-rehabilitacion-energetica-integral-de-un-edificio-de-viviendas-en-terrassa\/","og_locale":"es_ES","og_type":"article","og_title":"Primera rehabilitaci\u00f3n energ\u00e9tica integral de un edificio de viviendas en Terrassa - GMG","og_description":"Este mes de junio GMG ha realizado el proyecto para la rehabilitaci\u00f3n energ\u00e9tica de un edificio de viviendas en el centro de Terrassa. Se trata de un edificio plurifamiliar construido a principios de los a\u00f1os 80 y actualmente en desuso. El proyecto consta de 4 viviendas y 4 plazas de aparcamiento y est\u00e1 previsto iniciar&hellip; Seguir leyendo Primera rehabilitaci\u00f3n energ\u00e9tica integral de un edificio de viviendas en Terrassa","og_url":"https:\/\/www.gmg.cat\/es\/primera-rehabilitacion-energetica-integral-de-un-edificio-de-viviendas-en-terrassa\/","og_site_name":"GMG","article_published_time":"2015-06-29T13:52:09+00:00","article_modified_time":"2024-04-25T15:20:09+00:00","author":"GMG","twitter_card":"summary_large_image","twitter_misc":{"Escrito por":"GMG","Tiempo de lectura":"1 minuto"},"schema":{"@context":"https:\/\/schema.org","@graph":[{"@type":"WebPage","@id":"https:\/\/www.gmg.cat\/es\/primera-rehabilitacion-energetica-integral-de-un-edificio-de-viviendas-en-terrassa\/","url":"https:\/\/www.gmg.cat\/es\/primera-rehabilitacion-energetica-integral-de-un-edificio-de-viviendas-en-terrassa\/","name":"Primera rehabilitaci\u00f3n energ\u00e9tica integral de un edificio de viviendas en Terrassa - GMG","isPartOf":{"@id":"https:\/\/www.gmg.cat\/es\/#website"},"datePublished":"2015-06-29T13:52:09+00:00","dateModified":"2024-04-25T15:20:09+00:00","author":{"@id":"https:\/\/www.gmg.cat\/es\/#\/schema\/person\/17a33fd03cd5b219b6ec1b6c43a13970"},"inLanguage":"es","potentialAction":[{"@type":"ReadAction","target":["https:\/\/www.gmg.cat\/es\/primera-rehabilitacion-energetica-integral-de-un-edificio-de-viviendas-en-terrassa\/"]}]},{"@type":"WebSite","@id":"https:\/\/www.gmg.cat\/es\/#website","url":"https:\/\/www.gmg.cat\/es\/","name":"GMG","description":"","potentialAction":[{"@type":"SearchAction","target":{"@type":"EntryPoint","urlTemplate":"https:\/\/www.gmg.cat\/es\/?s={search_term_string}"},"query-input":"required name=search_term_string"}],"inLanguage":"es"},{"@type":"Person","@id":"https:\/\/www.gmg.cat\/es\/#\/schema\/person\/17a33fd03cd5b219b6ec1b6c43a13970","name":"GMG","image":{"@type":"ImageObject","inLanguage":"es","@id":"https:\/\/www.gmg.cat\/es\/#\/schema\/person\/image\/","url":"https:\/\/secure.gravatar.com\/avatar\/0b8a1419dc47166c17dcd8cf40c0d8020373c1488d8468255c90706af3b3630f?s=96&d=mm&r=g","contentUrl":"https:\/\/secure.gravatar.com\/avatar\/0b8a1419dc47166c17dcd8cf40c0d8020373c1488d8468255c90706af3b3630f?s=96&d=mm&r=g","caption":"GMG"},"url":"https:\/\/www.gmg.cat\/es\/author\/gmg\/"}]}},"_links":{"self":[{"href":"https:\/\/www.gmg.cat\/es\/wp-json\/wp\/v2\/posts\/7102","targetHints":{"allow":["GET"]}}],"collection":[{"href":"https:\/\/www.gmg.cat\/es\/wp-json\/wp\/v2\/posts"}],"about":[{"href":"https:\/\/www.gmg.cat\/es\/wp-json\/wp\/v2\/types\/post"}],"author":[{"embeddable":true,"href":"https:\/\/www.gmg.cat\/es\/wp-json\/wp\/v2\/users\/3"}],"replies":[{"embeddable":true,"href":"https:\/\/www.gmg.cat\/es\/wp-json\/wp\/v2\/comments?post=7102"}],"version-history":[{"count":4,"href":"https:\/\/www.gmg.cat\/es\/wp-json\/wp\/v2\/posts\/7102\/revisions"}],"predecessor-version":[{"id":11421,"href":"https:\/\/www.gmg.cat\/es\/wp-json\/wp\/v2\/posts\/7102\/revisions\/11421"}],"wp:featuredmedia":[{"embeddable":true,"href":"https:\/\/www.gmg.cat\/es\/wp-json\/wp\/v2\/media\/7110"}],"wp:attachment":[{"href":"https:\/\/www.gmg.cat\/es\/wp-json\/wp\/v2\/media?parent=7102"}],"wp:term":[{"taxonomy":"category","embeddable":true,"href":"https:\/\/www.gmg.cat\/es\/wp-json\/wp\/v2\/categories?post=7102"},{"taxonomy":"post_tag","embeddable":true,"href":"https:\/\/www.gmg.cat\/es\/wp-json\/wp\/v2\/tags?post=7102"}],"curies":[{"name":"wp","href":"https:\/\/api.w.org\/{rel}","templated":true}]}}