{"id":7318,"date":"2016-11-08T10:04:37","date_gmt":"2016-11-08T09:04:37","guid":{"rendered":"http:\/\/blog.gmg.cat\/?p=1318"},"modified":"2024-04-25T18:13:49","modified_gmt":"2024-04-25T16:13:49","slug":"edificio-progres-el-edificio-de-viviendas-mas-eficiente-de-terrassa","status":"publish","type":"post","link":"https:\/\/www.gmg.cat\/es\/edificio-progres-el-edificio-de-viviendas-mas-eficiente-de-terrassa\/","title":{"rendered":"\u00abEdificio progr\u00e9s\u00bb, el edificio de viviendas m\u00e1s eficiente de Terrassa?"},"content":{"rendered":"<p>El pasado mes de septiembre, GMG ha finalizado las obras de reforma y rehabilitaci\u00f3n energ\u00e9tica de un edificio plurifamiliar en la calle Antoninus Pius, en el centro Terrassa, promovido por BASE y VIDAL GOM\u00c0 que han dado el nombre comercial de PROGR\u00c9S a su promoci\u00f3n.<\/p>\n<p>El edificio, construido durante la d\u00e9cada de los a\u00f1os setenta, ha sido objeto de una reforma y una rehabilitaci\u00f3n integral. El resultado es una comunidad reducida de cuatro viviendas de entre 138 m2 y 155 m2 de superficie, que tal y como pretend\u00edan los promotores, se diferencian claramente de la oferta existente, no s\u00f3lo por sus dimensiones y el programa de distribuciones, sino tambi\u00e9n por sus prestaciones en materia de eficiencia energ\u00e9tica.<\/p>\n<p>La rehabilitaci\u00f3n energ\u00e9tica se ha centrado en disponer de un elevado aislamiento t\u00e9rmico, con un sistema SATE en las fachadas del edificio de 8cm de espesor y 14 cm en las cubiertas. Tambi\u00e9n se han aislado interiormente las paredes medianeras y el primer piso frente al garaje de planta baja.<\/p>\n<p>En el centro del edificio se ha dispuesto un patio de luces central, con el \u00fanico objetivo de mejorar la iluminaci\u00f3n y ventilaci\u00f3n natural de las viviendas, favoreciendo el ahorro energ\u00e9tico.<\/p>\n<p>En cuanto a sistemas activos, se han instalado equipos Daikin de aerotermia de alto rendimiento, encargados de generar la calefacci\u00f3n, la refrigeraci\u00f3n y la producci\u00f3n de agua caliente sanitaria.<\/p>\n<p>En ciclo de calefacci\u00f3n su rendimiento energ\u00e9tico COP alcanzar\u00e1 un coeficiente de 4,5, mientras que en ciclo de refrigeraci\u00f3n alcanza un EER de 3,2. El sistema es tan eficiente que podemos prescindir del sistema de colectores solares para el calentamiento de agua sanitaria, obligatorio por normativa en todos los edificios. Sin embargo, hemos previsto la preinstalaci\u00f3n de colectores, por si alguno de los propietarios quiere terminar de optimizar su instalaci\u00f3n.<\/p>\n<p>En relaci\u00f3n a la iluminaci\u00f3n artificial, s\u00f3lo se han instalado l\u00e1mparas led de bajo consumo y en las cocinas se han instalado electrodom\u00e9sticos Siemens de m\u00e1xima calificaci\u00f3n energ\u00e9tica.<\/p>\n<p>En el aparcamiento del edificio, situado en planta baja, hemos previsto la electrificaci\u00f3n de las plazas de aparcamiento para la recarga de veh\u00edculos el\u00e9ctricos.<\/p>\n<p>Con este conjunto de estrategias, hemos logrado alcanzar una calificaci\u00f3n energ\u00e9tica B del edificio, dejando la posibilidad a los futuros propietarios de aumentarla hasta la m\u00e1xima calificaci\u00f3n energ\u00e9tica A con la simple instalaci\u00f3n de un colector solar que apoye el sistema de aerotermia para la producci\u00f3n de agua caliente sanitaria.<\/p>\n<p>Este proceso de rehabilitaci\u00f3n energ\u00e9tica ha permitido convertir un edificio de los a\u00f1os setenta en, seguramente, el bloque de viviendas m\u00e1s eficiente de nuestra ciudad y permitir\u00e1 a sus habitantes disfrutar del mejor confort con unos costes energ\u00e9ticos muy reducidos y con unas m\u00ednimas emisiones de CO2 en el medio ambiente.<\/p>\n<div id='gallery-1' class='gallery galleryid-7318 gallery-columns-6 gallery-size-thumbnail'><figure class='gallery-item'>\n\t\t\t<div class='gallery-icon portrait'>\n\t\t\t\t<a href='https:\/\/www.gmg.cat\/wp-content\/uploads\/2023\/08\/GMG-arquitectura-edifici-osona-vic-8.jpg'><img loading=\"lazy\" decoding=\"async\" width=\"150\" height=\"150\" src=\"https:\/\/www.gmg.cat\/wp-content\/uploads\/2023\/08\/GMG-arquitectura-edifici-osona-vic-8-150x150.jpg\" class=\"attachment-thumbnail size-thumbnail\" alt=\"\" style=\"width:100%;height:129.15%;max-width:1880px;\" \/><\/a>\n\t\t\t<\/div><\/figure><figure class='gallery-item'>\n\t\t\t<div class='gallery-icon portrait'>\n\t\t\t\t<a href='https:\/\/www.gmg.cat\/wp-content\/uploads\/2023\/08\/GMG-arquitectura-maria-auxiliadora-terrassa-5-scaled.jpg'><img loading=\"lazy\" decoding=\"async\" width=\"150\" height=\"150\" src=\"https:\/\/www.gmg.cat\/wp-content\/uploads\/2023\/08\/GMG-arquitectura-maria-auxiliadora-terrassa-5-150x150.jpg\" class=\"attachment-thumbnail size-thumbnail\" alt=\"\" style=\"width:100%;height:144.39%;max-width:1773px;\" \/><\/a>\n\t\t\t<\/div><\/figure><figure class='gallery-item'>\n\t\t\t<div class='gallery-icon landscape'>\n\t\t\t\t<a href='https:\/\/www.gmg.cat\/wp-content\/uploads\/2023\/08\/GMG-arquitectura-maria-auxiliadora-terrassa-1.jpg'><img loading=\"lazy\" decoding=\"async\" width=\"150\" height=\"150\" src=\"https:\/\/www.gmg.cat\/wp-content\/uploads\/2023\/08\/GMG-arquitectura-maria-auxiliadora-terrassa-1-150x150.jpg\" class=\"attachment-thumbnail size-thumbnail\" alt=\"\" srcset=\"https:\/\/www.gmg.cat\/wp-content\/uploads\/2023\/08\/GMG-arquitectura-maria-auxiliadora-terrassa-1-150x150.jpg 150w, https:\/\/www.gmg.cat\/wp-content\/uploads\/2023\/08\/GMG-arquitectura-maria-auxiliadora-terrassa-1-300x300.jpg 300w, https:\/\/www.gmg.cat\/wp-content\/uploads\/2023\/08\/GMG-arquitectura-maria-auxiliadora-terrassa-1-1024x1024.jpg 1024w, https:\/\/www.gmg.cat\/wp-content\/uploads\/2023\/08\/GMG-arquitectura-maria-auxiliadora-terrassa-1-768x768.jpg 768w, https:\/\/www.gmg.cat\/wp-content\/uploads\/2023\/08\/GMG-arquitectura-maria-auxiliadora-terrassa-1-1536x1536.jpg 1536w, https:\/\/www.gmg.cat\/wp-content\/uploads\/2023\/08\/GMG-arquitectura-maria-auxiliadora-terrassa-1-1568x1568.jpg 1568w, https:\/\/www.gmg.cat\/wp-content\/uploads\/2023\/08\/GMG-arquitectura-maria-auxiliadora-terrassa-1.jpg 1880w\" sizes=\"auto, (max-width: 150px) 100vw, 150px\" style=\"width:100%;height:100%;max-width:1880px;\" \/><\/a>\n\t\t\t<\/div><\/figure><figure class='gallery-item'>\n\t\t\t<div class='gallery-icon landscape'>\n\t\t\t\t<a href='https:\/\/www.gmg.cat\/wp-content\/uploads\/2023\/08\/GMG-arquitectura-maria-auxiliadora-terrassa-4.jpg'><img loading=\"lazy\" decoding=\"async\" width=\"150\" height=\"150\" src=\"https:\/\/www.gmg.cat\/wp-content\/uploads\/2023\/08\/GMG-arquitectura-maria-auxiliadora-terrassa-4-150x150.jpg\" class=\"attachment-thumbnail size-thumbnail\" alt=\"\" srcset=\"https:\/\/www.gmg.cat\/wp-content\/uploads\/2023\/08\/GMG-arquitectura-maria-auxiliadora-terrassa-4-150x150.jpg 150w, https:\/\/www.gmg.cat\/wp-content\/uploads\/2023\/08\/GMG-arquitectura-maria-auxiliadora-terrassa-4-300x300.jpg 300w, https:\/\/www.gmg.cat\/wp-content\/uploads\/2023\/08\/GMG-arquitectura-maria-auxiliadora-terrassa-4-1024x1024.jpg 1024w, https:\/\/www.gmg.cat\/wp-content\/uploads\/2023\/08\/GMG-arquitectura-maria-auxiliadora-terrassa-4-768x768.jpg 768w, https:\/\/www.gmg.cat\/wp-content\/uploads\/2023\/08\/GMG-arquitectura-maria-auxiliadora-terrassa-4-1536x1536.jpg 1536w, https:\/\/www.gmg.cat\/wp-content\/uploads\/2023\/08\/GMG-arquitectura-maria-auxiliadora-terrassa-4-1568x1568.jpg 1568w, https:\/\/www.gmg.cat\/wp-content\/uploads\/2023\/08\/GMG-arquitectura-maria-auxiliadora-terrassa-4.jpg 1880w\" sizes=\"auto, (max-width: 150px) 100vw, 150px\" style=\"width:100%;height:100%;max-width:1880px;\" \/><\/a>\n\t\t\t<\/div><\/figure><figure class='gallery-item'>\n\t\t\t<div class='gallery-icon landscape'>\n\t\t\t\t<a href='https:\/\/www.gmg.cat\/wp-content\/uploads\/2023\/08\/GMG-arquitectura-maria-auxiliadora-terrassa-2.jpg'><img loading=\"lazy\" decoding=\"async\" width=\"150\" height=\"150\" src=\"https:\/\/www.gmg.cat\/wp-content\/uploads\/2023\/08\/GMG-arquitectura-maria-auxiliadora-terrassa-2-150x150.jpg\" class=\"attachment-thumbnail size-thumbnail\" alt=\"\" style=\"width:100%;height:67.61%;max-width:1880px;\" \/><\/a>\n\t\t\t<\/div><\/figure><figure class='gallery-item'>\n\t\t\t<div class='gallery-icon portrait'>\n\t\t\t\t<a href='https:\/\/www.gmg.cat\/wp-content\/uploads\/2023\/08\/GMG-arquitectura-maria-auxiliadora-terrassa-3.jpg'><img loading=\"lazy\" decoding=\"async\" width=\"150\" height=\"150\" src=\"https:\/\/www.gmg.cat\/wp-content\/uploads\/2023\/08\/GMG-arquitectura-maria-auxiliadora-terrassa-3-150x150.jpg\" class=\"attachment-thumbnail size-thumbnail\" alt=\"\" style=\"width:100%;height:115.8%;max-width:1880px;\" \/><\/a>\n\t\t\t<\/div><\/figure>\n\t\t<\/div>\n\n<p>&nbsp;<\/p>\n","protected":false},"excerpt":{"rendered":"<p>El pasado mes de septiembre, GMG ha finalizado las obras de reforma y rehabilitaci\u00f3n energ\u00e9tica de un edificio plurifamiliar en la calle Antoninus Pius, en el centro Terrassa, promovido por BASE y VIDAL GOM\u00c0 que han dado el nombre comercial de PROGR\u00c9S a su promoci\u00f3n. El edificio, construido durante la d\u00e9cada de los a\u00f1os setenta,&hellip; <a class=\"more-link\" href=\"https:\/\/www.gmg.cat\/es\/edificio-progres-el-edificio-de-viviendas-mas-eficiente-de-terrassa\/\">Seguir leyendo <span class=\"screen-reader-text\">\u00abEdificio progr\u00e9s\u00bb, el edificio de viviendas m\u00e1s eficiente de Terrassa?<\/span><\/a><\/p>\n","protected":false},"author":3,"featured_media":7319,"comment_status":"open","ping_status":"open","sticky":false,"template":"","format":"standard","meta":{"inline_featured_image":false,"footnotes":""},"categories":[28],"tags":[762],"class_list":["post-7318","post","type-post","status-publish","format-standard","has-post-thumbnail","hentry","category-otras","tag-rehabilitacion-energetica","entry"],"acf":[],"yoast_head":"<!-- This site is optimized with the Yoast SEO plugin v21.5 - https:\/\/yoast.com\/wordpress\/plugins\/seo\/ -->\n<title>&quot;Edificio progr\u00e9s&quot;, el edificio de viviendas m\u00e1s eficiente de Terrassa? - GMG<\/title>\n<meta name=\"robots\" content=\"index, follow, max-snippet:-1, max-image-preview:large, max-video-preview:-1\" \/>\n<link rel=\"canonical\" href=\"https:\/\/www.gmg.cat\/es\/edificio-progres-el-edificio-de-viviendas-mas-eficiente-de-terrassa\/\" \/>\n<meta property=\"og:locale\" content=\"es_ES\" \/>\n<meta property=\"og:type\" content=\"article\" \/>\n<meta property=\"og:title\" content=\"&quot;Edificio progr\u00e9s&quot;, el edificio de viviendas m\u00e1s eficiente de Terrassa? - GMG\" \/>\n<meta property=\"og:description\" content=\"El pasado mes de septiembre, GMG ha finalizado las obras de reforma y rehabilitaci\u00f3n energ\u00e9tica de un edificio plurifamiliar en la calle Antoninus Pius, en el centro Terrassa, promovido por BASE y VIDAL GOM\u00c0 que han dado el nombre comercial de PROGR\u00c9S a su promoci\u00f3n. El edificio, construido durante la d\u00e9cada de los a\u00f1os setenta,&hellip; Seguir leyendo \u00abEdificio progr\u00e9s\u00bb, el edificio de viviendas m\u00e1s eficiente de Terrassa?\" \/>\n<meta property=\"og:url\" content=\"https:\/\/www.gmg.cat\/es\/edificio-progres-el-edificio-de-viviendas-mas-eficiente-de-terrassa\/\" \/>\n<meta property=\"og:site_name\" content=\"GMG\" \/>\n<meta property=\"article:published_time\" content=\"2016-11-08T09:04:37+00:00\" \/>\n<meta property=\"article:modified_time\" content=\"2024-04-25T16:13:49+00:00\" \/>\n<meta name=\"author\" content=\"GMG\" \/>\n<meta name=\"twitter:card\" content=\"summary_large_image\" \/>\n<meta name=\"twitter:label1\" content=\"Escrito por\" \/>\n\t<meta name=\"twitter:data1\" content=\"GMG\" \/>\n\t<meta name=\"twitter:label2\" content=\"Tiempo de lectura\" \/>\n\t<meta name=\"twitter:data2\" content=\"3 minutos\" \/>\n<script type=\"application\/ld+json\" class=\"yoast-schema-graph\">{\"@context\":\"https:\/\/schema.org\",\"@graph\":[{\"@type\":\"WebPage\",\"@id\":\"https:\/\/www.gmg.cat\/es\/edificio-progres-el-edificio-de-viviendas-mas-eficiente-de-terrassa\/\",\"url\":\"https:\/\/www.gmg.cat\/es\/edificio-progres-el-edificio-de-viviendas-mas-eficiente-de-terrassa\/\",\"name\":\"\\\"Edificio progr\u00e9s\\\", el edificio de viviendas m\u00e1s eficiente de Terrassa? - GMG\",\"isPartOf\":{\"@id\":\"https:\/\/www.gmg.cat\/es\/#website\"},\"datePublished\":\"2016-11-08T09:04:37+00:00\",\"dateModified\":\"2024-04-25T16:13:49+00:00\",\"author\":{\"@id\":\"https:\/\/www.gmg.cat\/es\/#\/schema\/person\/17a33fd03cd5b219b6ec1b6c43a13970\"},\"inLanguage\":\"es\",\"potentialAction\":[{\"@type\":\"ReadAction\",\"target\":[\"https:\/\/www.gmg.cat\/es\/edificio-progres-el-edificio-de-viviendas-mas-eficiente-de-terrassa\/\"]}]},{\"@type\":\"WebSite\",\"@id\":\"https:\/\/www.gmg.cat\/es\/#website\",\"url\":\"https:\/\/www.gmg.cat\/es\/\",\"name\":\"GMG\",\"description\":\"\",\"potentialAction\":[{\"@type\":\"SearchAction\",\"target\":{\"@type\":\"EntryPoint\",\"urlTemplate\":\"https:\/\/www.gmg.cat\/es\/?s={search_term_string}\"},\"query-input\":\"required name=search_term_string\"}],\"inLanguage\":\"es\"},{\"@type\":\"Person\",\"@id\":\"https:\/\/www.gmg.cat\/es\/#\/schema\/person\/17a33fd03cd5b219b6ec1b6c43a13970\",\"name\":\"GMG\",\"image\":{\"@type\":\"ImageObject\",\"inLanguage\":\"es\",\"@id\":\"https:\/\/www.gmg.cat\/es\/#\/schema\/person\/image\/\",\"url\":\"https:\/\/secure.gravatar.com\/avatar\/0b8a1419dc47166c17dcd8cf40c0d8020373c1488d8468255c90706af3b3630f?s=96&d=mm&r=g\",\"contentUrl\":\"https:\/\/secure.gravatar.com\/avatar\/0b8a1419dc47166c17dcd8cf40c0d8020373c1488d8468255c90706af3b3630f?s=96&d=mm&r=g\",\"caption\":\"GMG\"},\"url\":\"https:\/\/www.gmg.cat\/es\/author\/gmg\/\"}]}<\/script>\n<!-- \/ Yoast SEO plugin. -->","yoast_head_json":{"title":"\"Edificio progr\u00e9s\", el edificio de viviendas m\u00e1s eficiente de Terrassa? - GMG","robots":{"index":"index","follow":"follow","max-snippet":"max-snippet:-1","max-image-preview":"max-image-preview:large","max-video-preview":"max-video-preview:-1"},"canonical":"https:\/\/www.gmg.cat\/es\/edificio-progres-el-edificio-de-viviendas-mas-eficiente-de-terrassa\/","og_locale":"es_ES","og_type":"article","og_title":"\"Edificio progr\u00e9s\", el edificio de viviendas m\u00e1s eficiente de Terrassa? - GMG","og_description":"El pasado mes de septiembre, GMG ha finalizado las obras de reforma y rehabilitaci\u00f3n energ\u00e9tica de un edificio plurifamiliar en la calle Antoninus Pius, en el centro Terrassa, promovido por BASE y VIDAL GOM\u00c0 que han dado el nombre comercial de PROGR\u00c9S a su promoci\u00f3n. El edificio, construido durante la d\u00e9cada de los a\u00f1os setenta,&hellip; Seguir leyendo \u00abEdificio progr\u00e9s\u00bb, el edificio de viviendas m\u00e1s eficiente de Terrassa?","og_url":"https:\/\/www.gmg.cat\/es\/edificio-progres-el-edificio-de-viviendas-mas-eficiente-de-terrassa\/","og_site_name":"GMG","article_published_time":"2016-11-08T09:04:37+00:00","article_modified_time":"2024-04-25T16:13:49+00:00","author":"GMG","twitter_card":"summary_large_image","twitter_misc":{"Escrito por":"GMG","Tiempo de lectura":"3 minutos"},"schema":{"@context":"https:\/\/schema.org","@graph":[{"@type":"WebPage","@id":"https:\/\/www.gmg.cat\/es\/edificio-progres-el-edificio-de-viviendas-mas-eficiente-de-terrassa\/","url":"https:\/\/www.gmg.cat\/es\/edificio-progres-el-edificio-de-viviendas-mas-eficiente-de-terrassa\/","name":"\"Edificio progr\u00e9s\", el edificio de viviendas m\u00e1s eficiente de Terrassa? - GMG","isPartOf":{"@id":"https:\/\/www.gmg.cat\/es\/#website"},"datePublished":"2016-11-08T09:04:37+00:00","dateModified":"2024-04-25T16:13:49+00:00","author":{"@id":"https:\/\/www.gmg.cat\/es\/#\/schema\/person\/17a33fd03cd5b219b6ec1b6c43a13970"},"inLanguage":"es","potentialAction":[{"@type":"ReadAction","target":["https:\/\/www.gmg.cat\/es\/edificio-progres-el-edificio-de-viviendas-mas-eficiente-de-terrassa\/"]}]},{"@type":"WebSite","@id":"https:\/\/www.gmg.cat\/es\/#website","url":"https:\/\/www.gmg.cat\/es\/","name":"GMG","description":"","potentialAction":[{"@type":"SearchAction","target":{"@type":"EntryPoint","urlTemplate":"https:\/\/www.gmg.cat\/es\/?s={search_term_string}"},"query-input":"required name=search_term_string"}],"inLanguage":"es"},{"@type":"Person","@id":"https:\/\/www.gmg.cat\/es\/#\/schema\/person\/17a33fd03cd5b219b6ec1b6c43a13970","name":"GMG","image":{"@type":"ImageObject","inLanguage":"es","@id":"https:\/\/www.gmg.cat\/es\/#\/schema\/person\/image\/","url":"https:\/\/secure.gravatar.com\/avatar\/0b8a1419dc47166c17dcd8cf40c0d8020373c1488d8468255c90706af3b3630f?s=96&d=mm&r=g","contentUrl":"https:\/\/secure.gravatar.com\/avatar\/0b8a1419dc47166c17dcd8cf40c0d8020373c1488d8468255c90706af3b3630f?s=96&d=mm&r=g","caption":"GMG"},"url":"https:\/\/www.gmg.cat\/es\/author\/gmg\/"}]}},"_links":{"self":[{"href":"https:\/\/www.gmg.cat\/es\/wp-json\/wp\/v2\/posts\/7318","targetHints":{"allow":["GET"]}}],"collection":[{"href":"https:\/\/www.gmg.cat\/es\/wp-json\/wp\/v2\/posts"}],"about":[{"href":"https:\/\/www.gmg.cat\/es\/wp-json\/wp\/v2\/types\/post"}],"author":[{"embeddable":true,"href":"https:\/\/www.gmg.cat\/es\/wp-json\/wp\/v2\/users\/3"}],"replies":[{"embeddable":true,"href":"https:\/\/www.gmg.cat\/es\/wp-json\/wp\/v2\/comments?post=7318"}],"version-history":[{"count":3,"href":"https:\/\/www.gmg.cat\/es\/wp-json\/wp\/v2\/posts\/7318\/revisions"}],"predecessor-version":[{"id":11450,"href":"https:\/\/www.gmg.cat\/es\/wp-json\/wp\/v2\/posts\/7318\/revisions\/11450"}],"wp:featuredmedia":[{"embeddable":true,"href":"https:\/\/www.gmg.cat\/es\/wp-json\/wp\/v2\/media\/7319"}],"wp:attachment":[{"href":"https:\/\/www.gmg.cat\/es\/wp-json\/wp\/v2\/media?parent=7318"}],"wp:term":[{"taxonomy":"category","embeddable":true,"href":"https:\/\/www.gmg.cat\/es\/wp-json\/wp\/v2\/categories?post=7318"},{"taxonomy":"post_tag","embeddable":true,"href":"https:\/\/www.gmg.cat\/es\/wp-json\/wp\/v2\/tags?post=7318"}],"curies":[{"name":"wp","href":"https:\/\/api.w.org\/{rel}","templated":true}]}}