{"id":7430,"date":"2017-06-29T09:37:33","date_gmt":"2017-06-29T07:37:33","guid":{"rendered":"https:\/\/blog.gmg.cat\/?p=1430"},"modified":"2024-04-25T18:30:49","modified_gmt":"2024-04-25T16:30:49","slug":"proyecto-de-ampliacion-y-rehabilitacion-energetica-del-club-desportivo-de-catalana-occidente-en-la-sede-de-sant-cugat-del-valles","status":"publish","type":"post","link":"https:\/\/www.gmg.cat\/es\/proyecto-de-ampliacion-y-rehabilitacion-energetica-del-club-desportivo-de-catalana-occidente-en-la-sede-de-sant-cugat-del-valles\/","title":{"rendered":"Proyecto de ampliaci\u00f3n y rehabilitaci\u00f3n energ\u00e9tica del club desportivo de Catalana Occidente en la sede de Sant Cugat del Vall\u00e8s"},"content":{"rendered":"<p>El pasado mes de noviembre, GMG gan\u00f3 el concurso convocado por Catalana Occidente para la ampliaci\u00f3n y la rehabilitaci\u00f3n energ\u00e9tica de las instalaciones deportivas del club social que la empresa tiene ubicadas en los terrenos de su sede corporativa en San Cugat del Vall\u00e8s.<\/p>\n<p>El proyecto consiste en la reforma y la rehabilitaci\u00f3n energ\u00e9tica integral de todo el edificio que actualmente contiene los vestuarios y el servicio de bar, m\u00e1s una ampliaci\u00f3n en planta baja y en planta primera que permitir\u00e1 ganar salas polivalentes de gimnasio, de actividades dirigidas, de spinning y de reuni\u00f3n, con unos vestuarios de mayores dimensiones, un restaurante con dotaci\u00f3n de nuevas cocinas, una enfermer\u00eda, un despacho de administraci\u00f3n, almacenes varios, una sala de m\u00e1quinas, un ascensor y un porche exterior de grandes dimensiones en contacto con el bar-restaurante.<\/p>\n<p>Todo el proyecto se ha dise\u00f1ado para alcanzar la mayor eficiencia energ\u00e9tica, la recogida de aguas pluviales y el aprovechamiento de la energ\u00eda solar.<\/p>\n<p>Este mes de junio hemos hecho entrega del proyecto b\u00e1sico, hemos solicitado licencia de obras y ahora iniciamos el proyecto de ejecuci\u00f3n, esperando poder empezar las obras entre finales de a\u00f1o e inicio del pr\u00f3ximo a\u00f1o.<\/p>\n<div id='gallery-1' class='gallery galleryid-7430 gallery-columns-4 gallery-size-thumbnail'><figure class='gallery-item'>\n\t\t\t<div class='gallery-icon portrait'>\n\t\t\t\t<a href='https:\/\/www.gmg.cat\/wp-content\/uploads\/2023\/08\/contacte@2x.jpg'><img loading=\"lazy\" decoding=\"async\" width=\"150\" height=\"150\" src=\"https:\/\/www.gmg.cat\/wp-content\/uploads\/2023\/08\/contacte@2x-150x150.jpg\" class=\"attachment-thumbnail size-thumbnail\" alt=\"\" style=\"width:100%;height:124.95%;max-width:1010px;\" \/><\/a>\n\t\t\t<\/div><\/figure><figure class='gallery-item'>\n\t\t\t<div class='gallery-icon portrait'>\n\t\t\t\t<a href='https:\/\/www.gmg.cat\/wp-content\/uploads\/2023\/08\/proj-4-Portola@2x.jpg'><img loading=\"lazy\" decoding=\"async\" width=\"150\" height=\"150\" src=\"https:\/\/www.gmg.cat\/wp-content\/uploads\/2023\/08\/proj-4-Portola@2x-150x150.jpg\" class=\"attachment-thumbnail size-thumbnail\" alt=\"\" style=\"width:100%;height:148.85%;max-width:653px;\" \/><\/a>\n\t\t\t<\/div><\/figure><figure class='gallery-item'>\n\t\t\t<div class='gallery-icon landscape'>\n\t\t\t\t<a href='https:\/\/www.gmg.cat\/wp-content\/uploads\/2023\/08\/proj-5-Can-Colomer@2x.jpg'><img loading=\"lazy\" decoding=\"async\" width=\"150\" height=\"150\" src=\"https:\/\/www.gmg.cat\/wp-content\/uploads\/2023\/08\/proj-5-Can-Colomer@2x-150x150.jpg\" class=\"attachment-thumbnail size-thumbnail\" alt=\"\" style=\"width:100%;height:52.54%;max-width:1104px;\" \/><\/a>\n\t\t\t<\/div><\/figure><figure class='gallery-item'>\n\t\t\t<div class='gallery-icon landscape'>\n\t\t\t\t<a href='https:\/\/www.gmg.cat\/wp-content\/uploads\/2023\/08\/proj-3-Abadesa@2x.jpg'><img loading=\"lazy\" decoding=\"async\" width=\"150\" height=\"150\" src=\"https:\/\/www.gmg.cat\/wp-content\/uploads\/2023\/08\/proj-3-Abadesa@2x-150x150.jpg\" class=\"attachment-thumbnail size-thumbnail\" alt=\"\" style=\"width:100%;height:79.85%;max-width:1330px;\" \/><\/a>\n\t\t\t<\/div><\/figure>\n\t\t<\/div>\n\n","protected":false},"excerpt":{"rendered":"<p>El pasado mes de noviembre, GMG gan\u00f3 el concurso convocado por Catalana Occidente para la ampliaci\u00f3n y la rehabilitaci\u00f3n energ\u00e9tica de las instalaciones deportivas del club social que la empresa tiene ubicadas en los terrenos de su sede corporativa en San Cugat del Vall\u00e8s. El proyecto consiste en la reforma y la rehabilitaci\u00f3n energ\u00e9tica integral&hellip; <a class=\"more-link\" href=\"https:\/\/www.gmg.cat\/es\/proyecto-de-ampliacion-y-rehabilitacion-energetica-del-club-desportivo-de-catalana-occidente-en-la-sede-de-sant-cugat-del-valles\/\">Seguir leyendo <span class=\"screen-reader-text\">Proyecto de ampliaci\u00f3n y rehabilitaci\u00f3n energ\u00e9tica del club desportivo de Catalana Occidente en la sede de Sant Cugat del Vall\u00e8s<\/span><\/a><\/p>\n","protected":false},"author":3,"featured_media":7431,"comment_status":"open","ping_status":"open","sticky":false,"template":"","format":"standard","meta":{"inline_featured_image":false,"footnotes":""},"categories":[51],"tags":[566],"class_list":["post-7430","post","type-post","status-publish","format-standard","has-post-thumbnail","hentry","category-ingenieria","tag-energia-solar-es","entry"],"acf":[],"yoast_head":"<!-- This site is optimized with the Yoast SEO plugin v21.5 - https:\/\/yoast.com\/wordpress\/plugins\/seo\/ -->\n<title>Proyecto de ampliaci\u00f3n y rehabilitaci\u00f3n energ\u00e9tica del club desportivo de Catalana Occidente en la sede de Sant Cugat del Vall\u00e8s - GMG<\/title>\n<meta name=\"robots\" content=\"index, follow, max-snippet:-1, max-image-preview:large, max-video-preview:-1\" \/>\n<link rel=\"canonical\" href=\"https:\/\/www.gmg.cat\/es\/proyecto-de-ampliacion-y-rehabilitacion-energetica-del-club-desportivo-de-catalana-occidente-en-la-sede-de-sant-cugat-del-valles\/\" \/>\n<meta property=\"og:locale\" content=\"es_ES\" \/>\n<meta property=\"og:type\" content=\"article\" \/>\n<meta property=\"og:title\" content=\"Proyecto de ampliaci\u00f3n y rehabilitaci\u00f3n energ\u00e9tica del club desportivo de Catalana Occidente en la sede de Sant Cugat del Vall\u00e8s - GMG\" \/>\n<meta property=\"og:description\" content=\"El pasado mes de noviembre, GMG gan\u00f3 el concurso convocado por Catalana Occidente para la ampliaci\u00f3n y la rehabilitaci\u00f3n energ\u00e9tica de las instalaciones deportivas del club social que la empresa tiene ubicadas en los terrenos de su sede corporativa en San Cugat del Vall\u00e8s. El proyecto consiste en la reforma y la rehabilitaci\u00f3n energ\u00e9tica integral&hellip; Seguir leyendo Proyecto de ampliaci\u00f3n y rehabilitaci\u00f3n energ\u00e9tica del club desportivo de Catalana Occidente en la sede de Sant Cugat del Vall\u00e8s\" \/>\n<meta property=\"og:url\" content=\"https:\/\/www.gmg.cat\/es\/proyecto-de-ampliacion-y-rehabilitacion-energetica-del-club-desportivo-de-catalana-occidente-en-la-sede-de-sant-cugat-del-valles\/\" \/>\n<meta property=\"og:site_name\" content=\"GMG\" \/>\n<meta property=\"article:published_time\" content=\"2017-06-29T07:37:33+00:00\" \/>\n<meta property=\"article:modified_time\" content=\"2024-04-25T16:30:49+00:00\" \/>\n<meta name=\"author\" content=\"GMG\" \/>\n<meta name=\"twitter:card\" content=\"summary_large_image\" \/>\n<meta name=\"twitter:label1\" content=\"Escrito por\" \/>\n\t<meta name=\"twitter:data1\" content=\"GMG\" \/>\n\t<meta name=\"twitter:label2\" content=\"Tiempo de lectura\" \/>\n\t<meta name=\"twitter:data2\" content=\"1 minuto\" \/>\n<script type=\"application\/ld+json\" class=\"yoast-schema-graph\">{\"@context\":\"https:\/\/schema.org\",\"@graph\":[{\"@type\":\"WebPage\",\"@id\":\"https:\/\/www.gmg.cat\/es\/proyecto-de-ampliacion-y-rehabilitacion-energetica-del-club-desportivo-de-catalana-occidente-en-la-sede-de-sant-cugat-del-valles\/\",\"url\":\"https:\/\/www.gmg.cat\/es\/proyecto-de-ampliacion-y-rehabilitacion-energetica-del-club-desportivo-de-catalana-occidente-en-la-sede-de-sant-cugat-del-valles\/\",\"name\":\"Proyecto de ampliaci\u00f3n y rehabilitaci\u00f3n energ\u00e9tica del club desportivo de Catalana Occidente en la sede de Sant Cugat del Vall\u00e8s - GMG\",\"isPartOf\":{\"@id\":\"https:\/\/www.gmg.cat\/es\/#website\"},\"datePublished\":\"2017-06-29T07:37:33+00:00\",\"dateModified\":\"2024-04-25T16:30:49+00:00\",\"author\":{\"@id\":\"https:\/\/www.gmg.cat\/es\/#\/schema\/person\/17a33fd03cd5b219b6ec1b6c43a13970\"},\"inLanguage\":\"es\",\"potentialAction\":[{\"@type\":\"ReadAction\",\"target\":[\"https:\/\/www.gmg.cat\/es\/proyecto-de-ampliacion-y-rehabilitacion-energetica-del-club-desportivo-de-catalana-occidente-en-la-sede-de-sant-cugat-del-valles\/\"]}]},{\"@type\":\"WebSite\",\"@id\":\"https:\/\/www.gmg.cat\/es\/#website\",\"url\":\"https:\/\/www.gmg.cat\/es\/\",\"name\":\"GMG\",\"description\":\"\",\"potentialAction\":[{\"@type\":\"SearchAction\",\"target\":{\"@type\":\"EntryPoint\",\"urlTemplate\":\"https:\/\/www.gmg.cat\/es\/?s={search_term_string}\"},\"query-input\":\"required name=search_term_string\"}],\"inLanguage\":\"es\"},{\"@type\":\"Person\",\"@id\":\"https:\/\/www.gmg.cat\/es\/#\/schema\/person\/17a33fd03cd5b219b6ec1b6c43a13970\",\"name\":\"GMG\",\"image\":{\"@type\":\"ImageObject\",\"inLanguage\":\"es\",\"@id\":\"https:\/\/www.gmg.cat\/es\/#\/schema\/person\/image\/\",\"url\":\"https:\/\/secure.gravatar.com\/avatar\/0b8a1419dc47166c17dcd8cf40c0d8020373c1488d8468255c90706af3b3630f?s=96&d=mm&r=g\",\"contentUrl\":\"https:\/\/secure.gravatar.com\/avatar\/0b8a1419dc47166c17dcd8cf40c0d8020373c1488d8468255c90706af3b3630f?s=96&d=mm&r=g\",\"caption\":\"GMG\"},\"url\":\"https:\/\/www.gmg.cat\/es\/author\/gmg\/\"}]}<\/script>\n<!-- \/ Yoast SEO plugin. -->","yoast_head_json":{"title":"Proyecto de ampliaci\u00f3n y rehabilitaci\u00f3n energ\u00e9tica del club desportivo de Catalana Occidente en la sede de Sant Cugat del Vall\u00e8s - GMG","robots":{"index":"index","follow":"follow","max-snippet":"max-snippet:-1","max-image-preview":"max-image-preview:large","max-video-preview":"max-video-preview:-1"},"canonical":"https:\/\/www.gmg.cat\/es\/proyecto-de-ampliacion-y-rehabilitacion-energetica-del-club-desportivo-de-catalana-occidente-en-la-sede-de-sant-cugat-del-valles\/","og_locale":"es_ES","og_type":"article","og_title":"Proyecto de ampliaci\u00f3n y rehabilitaci\u00f3n energ\u00e9tica del club desportivo de Catalana Occidente en la sede de Sant Cugat del Vall\u00e8s - GMG","og_description":"El pasado mes de noviembre, GMG gan\u00f3 el concurso convocado por Catalana Occidente para la ampliaci\u00f3n y la rehabilitaci\u00f3n energ\u00e9tica de las instalaciones deportivas del club social que la empresa tiene ubicadas en los terrenos de su sede corporativa en San Cugat del Vall\u00e8s. El proyecto consiste en la reforma y la rehabilitaci\u00f3n energ\u00e9tica integral&hellip; Seguir leyendo Proyecto de ampliaci\u00f3n y rehabilitaci\u00f3n energ\u00e9tica del club desportivo de Catalana Occidente en la sede de Sant Cugat del Vall\u00e8s","og_url":"https:\/\/www.gmg.cat\/es\/proyecto-de-ampliacion-y-rehabilitacion-energetica-del-club-desportivo-de-catalana-occidente-en-la-sede-de-sant-cugat-del-valles\/","og_site_name":"GMG","article_published_time":"2017-06-29T07:37:33+00:00","article_modified_time":"2024-04-25T16:30:49+00:00","author":"GMG","twitter_card":"summary_large_image","twitter_misc":{"Escrito por":"GMG","Tiempo de lectura":"1 minuto"},"schema":{"@context":"https:\/\/schema.org","@graph":[{"@type":"WebPage","@id":"https:\/\/www.gmg.cat\/es\/proyecto-de-ampliacion-y-rehabilitacion-energetica-del-club-desportivo-de-catalana-occidente-en-la-sede-de-sant-cugat-del-valles\/","url":"https:\/\/www.gmg.cat\/es\/proyecto-de-ampliacion-y-rehabilitacion-energetica-del-club-desportivo-de-catalana-occidente-en-la-sede-de-sant-cugat-del-valles\/","name":"Proyecto de ampliaci\u00f3n y rehabilitaci\u00f3n energ\u00e9tica del club desportivo de Catalana Occidente en la sede de Sant Cugat del Vall\u00e8s - GMG","isPartOf":{"@id":"https:\/\/www.gmg.cat\/es\/#website"},"datePublished":"2017-06-29T07:37:33+00:00","dateModified":"2024-04-25T16:30:49+00:00","author":{"@id":"https:\/\/www.gmg.cat\/es\/#\/schema\/person\/17a33fd03cd5b219b6ec1b6c43a13970"},"inLanguage":"es","potentialAction":[{"@type":"ReadAction","target":["https:\/\/www.gmg.cat\/es\/proyecto-de-ampliacion-y-rehabilitacion-energetica-del-club-desportivo-de-catalana-occidente-en-la-sede-de-sant-cugat-del-valles\/"]}]},{"@type":"WebSite","@id":"https:\/\/www.gmg.cat\/es\/#website","url":"https:\/\/www.gmg.cat\/es\/","name":"GMG","description":"","potentialAction":[{"@type":"SearchAction","target":{"@type":"EntryPoint","urlTemplate":"https:\/\/www.gmg.cat\/es\/?s={search_term_string}"},"query-input":"required name=search_term_string"}],"inLanguage":"es"},{"@type":"Person","@id":"https:\/\/www.gmg.cat\/es\/#\/schema\/person\/17a33fd03cd5b219b6ec1b6c43a13970","name":"GMG","image":{"@type":"ImageObject","inLanguage":"es","@id":"https:\/\/www.gmg.cat\/es\/#\/schema\/person\/image\/","url":"https:\/\/secure.gravatar.com\/avatar\/0b8a1419dc47166c17dcd8cf40c0d8020373c1488d8468255c90706af3b3630f?s=96&d=mm&r=g","contentUrl":"https:\/\/secure.gravatar.com\/avatar\/0b8a1419dc47166c17dcd8cf40c0d8020373c1488d8468255c90706af3b3630f?s=96&d=mm&r=g","caption":"GMG"},"url":"https:\/\/www.gmg.cat\/es\/author\/gmg\/"}]}},"_links":{"self":[{"href":"https:\/\/www.gmg.cat\/es\/wp-json\/wp\/v2\/posts\/7430","targetHints":{"allow":["GET"]}}],"collection":[{"href":"https:\/\/www.gmg.cat\/es\/wp-json\/wp\/v2\/posts"}],"about":[{"href":"https:\/\/www.gmg.cat\/es\/wp-json\/wp\/v2\/types\/post"}],"author":[{"embeddable":true,"href":"https:\/\/www.gmg.cat\/es\/wp-json\/wp\/v2\/users\/3"}],"replies":[{"embeddable":true,"href":"https:\/\/www.gmg.cat\/es\/wp-json\/wp\/v2\/comments?post=7430"}],"version-history":[{"count":3,"href":"https:\/\/www.gmg.cat\/es\/wp-json\/wp\/v2\/posts\/7430\/revisions"}],"predecessor-version":[{"id":11465,"href":"https:\/\/www.gmg.cat\/es\/wp-json\/wp\/v2\/posts\/7430\/revisions\/11465"}],"wp:featuredmedia":[{"embeddable":true,"href":"https:\/\/www.gmg.cat\/es\/wp-json\/wp\/v2\/media\/7431"}],"wp:attachment":[{"href":"https:\/\/www.gmg.cat\/es\/wp-json\/wp\/v2\/media?parent=7430"}],"wp:term":[{"taxonomy":"category","embeddable":true,"href":"https:\/\/www.gmg.cat\/es\/wp-json\/wp\/v2\/categories?post=7430"},{"taxonomy":"post_tag","embeddable":true,"href":"https:\/\/www.gmg.cat\/es\/wp-json\/wp\/v2\/tags?post=7430"}],"curies":[{"name":"wp","href":"https:\/\/api.w.org\/{rel}","templated":true}]}}