{"id":7780,"date":"2019-12-02T12:00:41","date_gmt":"2019-12-02T11:00:41","guid":{"rendered":"https:\/\/blog.gmg.cat\/?p=1780"},"modified":"2024-04-25T19:10:06","modified_gmt":"2024-04-25T17:10:06","slug":"nueva-promocion-de-58-viviendas-energeticamente-eficientes-en-can-colomer-terrassa","status":"publish","type":"post","link":"https:\/\/www.gmg.cat\/es\/nueva-promocion-de-58-viviendas-energeticamente-eficientes-en-can-colomer-terrassa\/","title":{"rendered":"Nueva promoci\u00f3n de 58 viviendas energ\u00e9ticamente eficientes en Can Colomer, Terrassa"},"content":{"rendered":"<p>En 2004, GMG redact\u00f3 el Plan Parcial de Can Colomer. En ese momento se trataba del encargo de urbanismo m\u00e1s relevante que hab\u00edamos recibido nunca y nos pusimos a trabajar muy ilusionados en este nuevo sector de suelo urbanizable previsto por el POUM de Terrassa en el norte oeste de la ciudad. Aparte de unas 4.452 viviendas, de las cuales un 20% ser\u00edan protegidas en r\u00e9gimen general y otro 10% de precio concertado, el sector preve\u00eda destinar el 70% de su superficie a suelo p\u00fablico con un 10% de equipamientos y el 38 % de espacios libres (de un total de 47Ha).<\/p>\n<p>La tramitaci\u00f3n fue todo un \u00e9xito para un Plan parcial de esta importancia, que se aprob\u00f3 definitivamente en julio de 2006. A\u00f1os m\u00e1s tarde, en mayo de 2008, recib\u00edamos la aprobaci\u00f3n del proyecto de reparcelaci\u00f3n y urbanizaci\u00f3n y el siguiente mes de Julio inici\u00e1bamos las obras de urbanizaci\u00f3n de todo el sector.<\/p>\n<p>Desgraciadamente, la paralizaci\u00f3n generalizada del sector inmobiliario hizo parar las obras en septiembre de 2010, que se reanudaron en octubre de 2011 para finalizar \u00fanicamente la primera fase de urbanizaci\u00f3n de la carretera de Rellinars.<\/p>\n<p>El a\u00f1o pasado recibimos como una muy buena noticia el encargo de un nuevo edificio residencial situado en esta primera fase de urbanizaci\u00f3n as\u00ed como la intenci\u00f3n de reiniciar las obras de urbanizaci\u00f3n de la fase 2.<\/p>\n<p>El grupo Sorigu\u00e9 promueve este bloque de 58 viviendas de 2, 3 y 4 dormitorios, 91 plazas de aparcamiento, 58 trasteros y una zona comunitaria ajardinada con piscina. Su superficie construida sobre rasante distribuida en PB+5 es de 8.400 m2 y la de bajo rasante de 3.600 m2 en dos niveles de s\u00f3tano. Lograr\u00e1 la calificaci\u00f3n energ\u00e9tica A gracias al elevado grado de aislamiento del edificio y en la eficiencia de los sistemas de climatizaci\u00f3n y de producci\u00f3n de agua caliente sanitaria.<\/p>\n<p>El pasado mes de junio, iniciamos las obras del edificio y su finalizaci\u00f3n se prev\u00e9 para el primer trimestre de 2021. Desde nuestra news, queremos agradecer a Grupo Sorigu\u00e9 la confianza depositada en GMG para impulsar este proyecto.<\/p>\n<blockquote class=\"wp-embedded-content\" data-secret=\"0B48XSt0Fm\"><p><a href=\"https:\/\/sorigueinmobiliaria.com\/promociones-en-curso\/promociones-en-la-provincia-de-barcelona\/tarrasa-can-colomer\/\">Terrassa | Can Colomer (Fase 1)<\/a><\/p><\/blockquote>\n<p><iframe loading=\"lazy\" class=\"wp-embedded-content\" sandbox=\"allow-scripts\" security=\"restricted\" style=\"position: absolute; clip: rect(1px, 1px, 1px, 1px);\" title=\"\u00abTerrassa | Can Colomer (Fase 1)\u00bb \u2014 Inmobiliaria Sorigue\" src=\"https:\/\/sorigueinmobiliaria.com\/promociones-en-curso\/promociones-en-la-provincia-de-barcelona\/tarrasa-can-colomer\/embed\/#?secret=BnoQOS1Eu6#?secret=0B48XSt0Fm\" data-secret=\"0B48XSt0Fm\" width=\"600\" height=\"338\" frameborder=\"0\" marginwidth=\"0\" marginheight=\"0\" scrolling=\"no\"><\/iframe><\/p>\n\n","protected":false},"excerpt":{"rendered":"<p>En 2004, GMG redact\u00f3 el Plan Parcial de Can Colomer. En ese momento se trataba del encargo de urbanismo m\u00e1s relevante que hab\u00edamos recibido nunca y nos pusimos a trabajar muy ilusionados en este nuevo sector de suelo urbanizable previsto por el POUM de Terrassa en el norte oeste de la ciudad. Aparte de unas&hellip; <a class=\"more-link\" href=\"https:\/\/www.gmg.cat\/es\/nueva-promocion-de-58-viviendas-energeticamente-eficientes-en-can-colomer-terrassa\/\">Seguir leyendo <span class=\"screen-reader-text\">Nueva promoci\u00f3n de 58 viviendas energ\u00e9ticamente eficientes en Can Colomer, Terrassa<\/span><\/a><\/p>\n","protected":false},"author":3,"featured_media":7781,"comment_status":"open","ping_status":"open","sticky":false,"template":"","format":"standard","meta":{"inline_featured_image":false,"footnotes":""},"categories":[28],"tags":[511,621],"class_list":["post-7780","post","type-post","status-publish","format-standard","has-post-thumbnail","hentry","category-otras","tag-calificacion-energetica-a-en-terrassa","tag-grupo-sorigue-en-terrassa","entry"],"acf":[],"yoast_head":"<!-- This site is optimized with the Yoast SEO plugin v21.5 - https:\/\/yoast.com\/wordpress\/plugins\/seo\/ -->\n<title>Nueva promoci\u00f3n de 58 viviendas energ\u00e9ticamente eficientes en Can Colomer, Terrassa - GMG<\/title>\n<meta name=\"robots\" content=\"index, follow, max-snippet:-1, max-image-preview:large, max-video-preview:-1\" \/>\n<link rel=\"canonical\" href=\"https:\/\/www.gmg.cat\/es\/nueva-promocion-de-58-viviendas-energeticamente-eficientes-en-can-colomer-terrassa\/\" \/>\n<meta property=\"og:locale\" content=\"es_ES\" \/>\n<meta property=\"og:type\" content=\"article\" \/>\n<meta property=\"og:title\" content=\"Nueva promoci\u00f3n de 58 viviendas energ\u00e9ticamente eficientes en Can Colomer, Terrassa - GMG\" \/>\n<meta property=\"og:description\" content=\"En 2004, GMG redact\u00f3 el Plan Parcial de Can Colomer. En ese momento se trataba del encargo de urbanismo m\u00e1s relevante que hab\u00edamos recibido nunca y nos pusimos a trabajar muy ilusionados en este nuevo sector de suelo urbanizable previsto por el POUM de Terrassa en el norte oeste de la ciudad. Aparte de unas&hellip; Seguir leyendo Nueva promoci\u00f3n de 58 viviendas energ\u00e9ticamente eficientes en Can Colomer, Terrassa\" \/>\n<meta property=\"og:url\" content=\"https:\/\/www.gmg.cat\/es\/nueva-promocion-de-58-viviendas-energeticamente-eficientes-en-can-colomer-terrassa\/\" \/>\n<meta property=\"og:site_name\" content=\"GMG\" \/>\n<meta property=\"article:published_time\" content=\"2019-12-02T11:00:41+00:00\" \/>\n<meta property=\"article:modified_time\" content=\"2024-04-25T17:10:06+00:00\" \/>\n<meta name=\"author\" content=\"GMG\" \/>\n<meta name=\"twitter:card\" content=\"summary_large_image\" \/>\n<meta name=\"twitter:label1\" content=\"Escrito por\" \/>\n\t<meta name=\"twitter:data1\" content=\"GMG\" \/>\n\t<meta name=\"twitter:label2\" content=\"Tiempo de lectura\" \/>\n\t<meta name=\"twitter:data2\" content=\"2 minutos\" \/>\n<script type=\"application\/ld+json\" class=\"yoast-schema-graph\">{\"@context\":\"https:\/\/schema.org\",\"@graph\":[{\"@type\":\"WebPage\",\"@id\":\"https:\/\/www.gmg.cat\/es\/nueva-promocion-de-58-viviendas-energeticamente-eficientes-en-can-colomer-terrassa\/\",\"url\":\"https:\/\/www.gmg.cat\/es\/nueva-promocion-de-58-viviendas-energeticamente-eficientes-en-can-colomer-terrassa\/\",\"name\":\"Nueva promoci\u00f3n de 58 viviendas energ\u00e9ticamente eficientes en Can Colomer, Terrassa - GMG\",\"isPartOf\":{\"@id\":\"https:\/\/www.gmg.cat\/es\/#website\"},\"datePublished\":\"2019-12-02T11:00:41+00:00\",\"dateModified\":\"2024-04-25T17:10:06+00:00\",\"author\":{\"@id\":\"https:\/\/www.gmg.cat\/es\/#\/schema\/person\/17a33fd03cd5b219b6ec1b6c43a13970\"},\"inLanguage\":\"es\",\"potentialAction\":[{\"@type\":\"ReadAction\",\"target\":[\"https:\/\/www.gmg.cat\/es\/nueva-promocion-de-58-viviendas-energeticamente-eficientes-en-can-colomer-terrassa\/\"]}]},{\"@type\":\"WebSite\",\"@id\":\"https:\/\/www.gmg.cat\/es\/#website\",\"url\":\"https:\/\/www.gmg.cat\/es\/\",\"name\":\"GMG\",\"description\":\"\",\"potentialAction\":[{\"@type\":\"SearchAction\",\"target\":{\"@type\":\"EntryPoint\",\"urlTemplate\":\"https:\/\/www.gmg.cat\/es\/?s={search_term_string}\"},\"query-input\":\"required name=search_term_string\"}],\"inLanguage\":\"es\"},{\"@type\":\"Person\",\"@id\":\"https:\/\/www.gmg.cat\/es\/#\/schema\/person\/17a33fd03cd5b219b6ec1b6c43a13970\",\"name\":\"GMG\",\"image\":{\"@type\":\"ImageObject\",\"inLanguage\":\"es\",\"@id\":\"https:\/\/www.gmg.cat\/es\/#\/schema\/person\/image\/\",\"url\":\"https:\/\/secure.gravatar.com\/avatar\/0b8a1419dc47166c17dcd8cf40c0d8020373c1488d8468255c90706af3b3630f?s=96&d=mm&r=g\",\"contentUrl\":\"https:\/\/secure.gravatar.com\/avatar\/0b8a1419dc47166c17dcd8cf40c0d8020373c1488d8468255c90706af3b3630f?s=96&d=mm&r=g\",\"caption\":\"GMG\"},\"url\":\"https:\/\/www.gmg.cat\/es\/author\/gmg\/\"}]}<\/script>\n<!-- \/ Yoast SEO plugin. -->","yoast_head_json":{"title":"Nueva promoci\u00f3n de 58 viviendas energ\u00e9ticamente eficientes en Can Colomer, Terrassa - GMG","robots":{"index":"index","follow":"follow","max-snippet":"max-snippet:-1","max-image-preview":"max-image-preview:large","max-video-preview":"max-video-preview:-1"},"canonical":"https:\/\/www.gmg.cat\/es\/nueva-promocion-de-58-viviendas-energeticamente-eficientes-en-can-colomer-terrassa\/","og_locale":"es_ES","og_type":"article","og_title":"Nueva promoci\u00f3n de 58 viviendas energ\u00e9ticamente eficientes en Can Colomer, Terrassa - GMG","og_description":"En 2004, GMG redact\u00f3 el Plan Parcial de Can Colomer. En ese momento se trataba del encargo de urbanismo m\u00e1s relevante que hab\u00edamos recibido nunca y nos pusimos a trabajar muy ilusionados en este nuevo sector de suelo urbanizable previsto por el POUM de Terrassa en el norte oeste de la ciudad. Aparte de unas&hellip; Seguir leyendo Nueva promoci\u00f3n de 58 viviendas energ\u00e9ticamente eficientes en Can Colomer, Terrassa","og_url":"https:\/\/www.gmg.cat\/es\/nueva-promocion-de-58-viviendas-energeticamente-eficientes-en-can-colomer-terrassa\/","og_site_name":"GMG","article_published_time":"2019-12-02T11:00:41+00:00","article_modified_time":"2024-04-25T17:10:06+00:00","author":"GMG","twitter_card":"summary_large_image","twitter_misc":{"Escrito por":"GMG","Tiempo de lectura":"2 minutos"},"schema":{"@context":"https:\/\/schema.org","@graph":[{"@type":"WebPage","@id":"https:\/\/www.gmg.cat\/es\/nueva-promocion-de-58-viviendas-energeticamente-eficientes-en-can-colomer-terrassa\/","url":"https:\/\/www.gmg.cat\/es\/nueva-promocion-de-58-viviendas-energeticamente-eficientes-en-can-colomer-terrassa\/","name":"Nueva promoci\u00f3n de 58 viviendas energ\u00e9ticamente eficientes en Can Colomer, Terrassa - GMG","isPartOf":{"@id":"https:\/\/www.gmg.cat\/es\/#website"},"datePublished":"2019-12-02T11:00:41+00:00","dateModified":"2024-04-25T17:10:06+00:00","author":{"@id":"https:\/\/www.gmg.cat\/es\/#\/schema\/person\/17a33fd03cd5b219b6ec1b6c43a13970"},"inLanguage":"es","potentialAction":[{"@type":"ReadAction","target":["https:\/\/www.gmg.cat\/es\/nueva-promocion-de-58-viviendas-energeticamente-eficientes-en-can-colomer-terrassa\/"]}]},{"@type":"WebSite","@id":"https:\/\/www.gmg.cat\/es\/#website","url":"https:\/\/www.gmg.cat\/es\/","name":"GMG","description":"","potentialAction":[{"@type":"SearchAction","target":{"@type":"EntryPoint","urlTemplate":"https:\/\/www.gmg.cat\/es\/?s={search_term_string}"},"query-input":"required name=search_term_string"}],"inLanguage":"es"},{"@type":"Person","@id":"https:\/\/www.gmg.cat\/es\/#\/schema\/person\/17a33fd03cd5b219b6ec1b6c43a13970","name":"GMG","image":{"@type":"ImageObject","inLanguage":"es","@id":"https:\/\/www.gmg.cat\/es\/#\/schema\/person\/image\/","url":"https:\/\/secure.gravatar.com\/avatar\/0b8a1419dc47166c17dcd8cf40c0d8020373c1488d8468255c90706af3b3630f?s=96&d=mm&r=g","contentUrl":"https:\/\/secure.gravatar.com\/avatar\/0b8a1419dc47166c17dcd8cf40c0d8020373c1488d8468255c90706af3b3630f?s=96&d=mm&r=g","caption":"GMG"},"url":"https:\/\/www.gmg.cat\/es\/author\/gmg\/"}]}},"_links":{"self":[{"href":"https:\/\/www.gmg.cat\/es\/wp-json\/wp\/v2\/posts\/7780","targetHints":{"allow":["GET"]}}],"collection":[{"href":"https:\/\/www.gmg.cat\/es\/wp-json\/wp\/v2\/posts"}],"about":[{"href":"https:\/\/www.gmg.cat\/es\/wp-json\/wp\/v2\/types\/post"}],"author":[{"embeddable":true,"href":"https:\/\/www.gmg.cat\/es\/wp-json\/wp\/v2\/users\/3"}],"replies":[{"embeddable":true,"href":"https:\/\/www.gmg.cat\/es\/wp-json\/wp\/v2\/comments?post=7780"}],"version-history":[{"count":2,"href":"https:\/\/www.gmg.cat\/es\/wp-json\/wp\/v2\/posts\/7780\/revisions"}],"predecessor-version":[{"id":11509,"href":"https:\/\/www.gmg.cat\/es\/wp-json\/wp\/v2\/posts\/7780\/revisions\/11509"}],"wp:featuredmedia":[{"embeddable":true,"href":"https:\/\/www.gmg.cat\/es\/wp-json\/wp\/v2\/media\/7781"}],"wp:attachment":[{"href":"https:\/\/www.gmg.cat\/es\/wp-json\/wp\/v2\/media?parent=7780"}],"wp:term":[{"taxonomy":"category","embeddable":true,"href":"https:\/\/www.gmg.cat\/es\/wp-json\/wp\/v2\/categories?post=7780"},{"taxonomy":"post_tag","embeddable":true,"href":"https:\/\/www.gmg.cat\/es\/wp-json\/wp\/v2\/tags?post=7780"}],"curies":[{"name":"wp","href":"https:\/\/api.w.org\/{rel}","templated":true}]}}