{"id":7866,"date":"2020-07-23T23:05:47","date_gmt":"2020-07-23T21:05:47","guid":{"rendered":"https:\/\/blog.gmg.cat\/?p=1866"},"modified":"2024-04-25T19:27:05","modified_gmt":"2024-04-25T17:27:05","slug":"rehabilitacion-energetica-integral-de-una-vivienda-con-generacion-fotovoltaica-y-de-consumo-casi-nulo-en-terrassa","status":"publish","type":"post","link":"https:\/\/www.gmg.cat\/es\/rehabilitacion-energetica-integral-de-una-vivienda-con-generacion-fotovoltaica-y-de-consumo-casi-nulo-en-terrassa\/","title":{"rendered":"Rehabilitaci\u00f3n energ\u00e9tica integral de una vivienda con generaci\u00f3n fotovoltaica y de consumo casi nulo en Terrassa"},"content":{"rendered":"<p>El pasado mes de abril, GMG finaliz\u00f3 las obras de rehabilitaci\u00f3n energ\u00e9tica integral de una casa situada en la calle Sant Joan de Terrassa.<\/p>\n<p>La rehabilitaci\u00f3n ha consistido en el vaciado total de la distribuci\u00f3n interior de la vivienda, conservando aquellas partes de la estructura que se pod\u00edan recuperar y a\u00f1adir un altillo de madera laminada que nos ha permitido ganar superficie habitable en el espacio de cubierta.<\/p>\n<p>Vimos rehacer totalmente la cubierta, visto el deteriorado estado que presentaba, pero el techo de la planta baja se ha conservado, arenado su parte inferior y dejado a la vista las vigas de madera y las b\u00f3vedas cer\u00e1micas. Para asegurar la resistencia desmontamos los apeuaments met\u00e1licos que afectaban la est\u00e9tica y a\u00f1adimos, por su cara superior, una capa de compresi\u00f3n de hormig\u00f3n armado conectada con las vigas.<\/p>\n<p>Como los edificios vecinos son tambi\u00e9n dos viviendas climatizadas y, por lo tanto, no vamos a sufrir p\u00e9rdidas energ\u00e9ticas a trav\u00e9s de las paredes medianeras, nos hemos permitido dejar tramos con la obra vista sin aislamiento. Una vez arenada y barnizada, las paredes medianeras nos muestran las cicatrices que ha acumulado la casa a lo largo del tiempo y nos dejan entender la larga historia del edificio, construido hace m\u00e1s de cien a\u00f1os.<\/p>\n<p>La casa dispone de un ascensor unifamiliar que conecta la planta baja con la primera y que permitir\u00e1 hacerse mayor en el edificio salvando la escala entre los dos niveles. Al fondo del patio, a pie el cubierto, hemos ganado un magn\u00edfico porche que hace de punto de encuentro comunicando las dos casas que limitan y son propiedad de la misma familia.<\/p>\n<p>Como es habitual en los proyectos de GMG, hemos aislado el edificio superando ampliamente los requerimientos de la normativa para reducir al m\u00ednimo la carga t\u00e9rmica a climatizar. Para la climatizaci\u00f3n y la producci\u00f3n de agua caliente sanitaria hemos instalado un equipo de aerotermia de alto rendimiento y fan-coils de la casa Daikin y toda la iluminaci\u00f3n es LED.<\/p>\n<p>En la cubierta se han instalado seis paneles fotovoltaicos capaces de generar 2,5 Kw de energ\u00eda el\u00e9ctrica y de cubrir las necesidades de consumo medio de la vivienda, convirti\u00e9ndolo en un edificio de consumo pr\u00e1cticamente nulo, pues es capaz de generar la energ\u00eda que requiere.<\/p>\n<p>Finalmente, queremos agradecer muy especialmente a los propietarios, Francesc y Imma, su encargo y sobre todo la confianza, la ilusi\u00f3n y el apoyo que nos han dado en todo momento. Tambi\u00e9n agradecemos mucho el trabajo realizado por Construcciones Aldacar y los diferentes industriales que han intervenido, Jordi con las instalaciones el\u00e9ctricas, Ra\u00fal con las de fontaner\u00eda, Santi con la cerrajer\u00eda, Severo con un gran trabajo de carpinter\u00eda, Juan con la pintura y la restauraci\u00f3n&#8230; El buen trabajo y la implicaci\u00f3n de todos ellos nos ha permitido alcanzar un resultado que nos hace estar a todos muy satisfechos.<\/p>\n\n","protected":false},"excerpt":{"rendered":"<p>El pasado mes de abril, GMG finaliz\u00f3 las obras de rehabilitaci\u00f3n energ\u00e9tica integral de una casa situada en la calle Sant Joan de Terrassa. La rehabilitaci\u00f3n ha consistido en el vaciado total de la distribuci\u00f3n interior de la vivienda, conservando aquellas partes de la estructura que se pod\u00edan recuperar y a\u00f1adir un altillo de madera&hellip; <a class=\"more-link\" href=\"https:\/\/www.gmg.cat\/es\/rehabilitacion-energetica-integral-de-una-vivienda-con-generacion-fotovoltaica-y-de-consumo-casi-nulo-en-terrassa\/\">Seguir leyendo <span class=\"screen-reader-text\">Rehabilitaci\u00f3n energ\u00e9tica integral de una vivienda con generaci\u00f3n fotovoltaica y de consumo casi nulo en Terrassa<\/span><\/a><\/p>\n","protected":false},"author":3,"featured_media":7867,"comment_status":"open","ping_status":"open","sticky":false,"template":"","format":"standard","meta":{"inline_featured_image":false,"footnotes":""},"categories":[51],"tags":[68,1074],"class_list":["post-7866","post","type-post","status-publish","format-standard","has-post-thumbnail","hentry","category-ingenieria","tag-aerotermia","tag-aerotermia-i-rehabilitacion","entry"],"acf":[],"yoast_head":"<!-- This site is optimized with the Yoast SEO plugin v21.5 - https:\/\/yoast.com\/wordpress\/plugins\/seo\/ -->\n<title>Rehabilitaci\u00f3n energ\u00e9tica integral de una vivienda con generaci\u00f3n fotovoltaica y de consumo casi nulo en Terrassa - GMG<\/title>\n<meta name=\"robots\" content=\"index, follow, max-snippet:-1, max-image-preview:large, max-video-preview:-1\" \/>\n<link rel=\"canonical\" href=\"https:\/\/www.gmg.cat\/es\/rehabilitacion-energetica-integral-de-una-vivienda-con-generacion-fotovoltaica-y-de-consumo-casi-nulo-en-terrassa\/\" \/>\n<meta property=\"og:locale\" content=\"es_ES\" \/>\n<meta property=\"og:type\" content=\"article\" \/>\n<meta property=\"og:title\" content=\"Rehabilitaci\u00f3n energ\u00e9tica integral de una vivienda con generaci\u00f3n fotovoltaica y de consumo casi nulo en Terrassa - GMG\" \/>\n<meta property=\"og:description\" content=\"El pasado mes de abril, GMG finaliz\u00f3 las obras de rehabilitaci\u00f3n energ\u00e9tica integral de una casa situada en la calle Sant Joan de Terrassa. La rehabilitaci\u00f3n ha consistido en el vaciado total de la distribuci\u00f3n interior de la vivienda, conservando aquellas partes de la estructura que se pod\u00edan recuperar y a\u00f1adir un altillo de madera&hellip; Seguir leyendo Rehabilitaci\u00f3n energ\u00e9tica integral de una vivienda con generaci\u00f3n fotovoltaica y de consumo casi nulo en Terrassa\" \/>\n<meta property=\"og:url\" content=\"https:\/\/www.gmg.cat\/es\/rehabilitacion-energetica-integral-de-una-vivienda-con-generacion-fotovoltaica-y-de-consumo-casi-nulo-en-terrassa\/\" \/>\n<meta property=\"og:site_name\" content=\"GMG\" \/>\n<meta property=\"article:published_time\" content=\"2020-07-23T21:05:47+00:00\" \/>\n<meta property=\"article:modified_time\" content=\"2024-04-25T17:27:05+00:00\" \/>\n<meta name=\"author\" content=\"GMG\" \/>\n<meta name=\"twitter:card\" content=\"summary_large_image\" \/>\n<meta name=\"twitter:label1\" content=\"Escrito por\" \/>\n\t<meta name=\"twitter:data1\" content=\"GMG\" \/>\n\t<meta name=\"twitter:label2\" content=\"Tiempo de lectura\" \/>\n\t<meta name=\"twitter:data2\" content=\"3 minutos\" \/>\n<script type=\"application\/ld+json\" class=\"yoast-schema-graph\">{\"@context\":\"https:\/\/schema.org\",\"@graph\":[{\"@type\":\"WebPage\",\"@id\":\"https:\/\/www.gmg.cat\/es\/rehabilitacion-energetica-integral-de-una-vivienda-con-generacion-fotovoltaica-y-de-consumo-casi-nulo-en-terrassa\/\",\"url\":\"https:\/\/www.gmg.cat\/es\/rehabilitacion-energetica-integral-de-una-vivienda-con-generacion-fotovoltaica-y-de-consumo-casi-nulo-en-terrassa\/\",\"name\":\"Rehabilitaci\u00f3n energ\u00e9tica integral de una vivienda con generaci\u00f3n fotovoltaica y de consumo casi nulo en Terrassa - GMG\",\"isPartOf\":{\"@id\":\"https:\/\/www.gmg.cat\/es\/#website\"},\"datePublished\":\"2020-07-23T21:05:47+00:00\",\"dateModified\":\"2024-04-25T17:27:05+00:00\",\"author\":{\"@id\":\"https:\/\/www.gmg.cat\/es\/#\/schema\/person\/17a33fd03cd5b219b6ec1b6c43a13970\"},\"inLanguage\":\"es\",\"potentialAction\":[{\"@type\":\"ReadAction\",\"target\":[\"https:\/\/www.gmg.cat\/es\/rehabilitacion-energetica-integral-de-una-vivienda-con-generacion-fotovoltaica-y-de-consumo-casi-nulo-en-terrassa\/\"]}]},{\"@type\":\"WebSite\",\"@id\":\"https:\/\/www.gmg.cat\/es\/#website\",\"url\":\"https:\/\/www.gmg.cat\/es\/\",\"name\":\"GMG\",\"description\":\"\",\"potentialAction\":[{\"@type\":\"SearchAction\",\"target\":{\"@type\":\"EntryPoint\",\"urlTemplate\":\"https:\/\/www.gmg.cat\/es\/?s={search_term_string}\"},\"query-input\":\"required name=search_term_string\"}],\"inLanguage\":\"es\"},{\"@type\":\"Person\",\"@id\":\"https:\/\/www.gmg.cat\/es\/#\/schema\/person\/17a33fd03cd5b219b6ec1b6c43a13970\",\"name\":\"GMG\",\"image\":{\"@type\":\"ImageObject\",\"inLanguage\":\"es\",\"@id\":\"https:\/\/www.gmg.cat\/es\/#\/schema\/person\/image\/\",\"url\":\"https:\/\/secure.gravatar.com\/avatar\/0b8a1419dc47166c17dcd8cf40c0d8020373c1488d8468255c90706af3b3630f?s=96&d=mm&r=g\",\"contentUrl\":\"https:\/\/secure.gravatar.com\/avatar\/0b8a1419dc47166c17dcd8cf40c0d8020373c1488d8468255c90706af3b3630f?s=96&d=mm&r=g\",\"caption\":\"GMG\"},\"url\":\"https:\/\/www.gmg.cat\/es\/author\/gmg\/\"}]}<\/script>\n<!-- \/ Yoast SEO plugin. -->","yoast_head_json":{"title":"Rehabilitaci\u00f3n energ\u00e9tica integral de una vivienda con generaci\u00f3n fotovoltaica y de consumo casi nulo en Terrassa - GMG","robots":{"index":"index","follow":"follow","max-snippet":"max-snippet:-1","max-image-preview":"max-image-preview:large","max-video-preview":"max-video-preview:-1"},"canonical":"https:\/\/www.gmg.cat\/es\/rehabilitacion-energetica-integral-de-una-vivienda-con-generacion-fotovoltaica-y-de-consumo-casi-nulo-en-terrassa\/","og_locale":"es_ES","og_type":"article","og_title":"Rehabilitaci\u00f3n energ\u00e9tica integral de una vivienda con generaci\u00f3n fotovoltaica y de consumo casi nulo en Terrassa - GMG","og_description":"El pasado mes de abril, GMG finaliz\u00f3 las obras de rehabilitaci\u00f3n energ\u00e9tica integral de una casa situada en la calle Sant Joan de Terrassa. La rehabilitaci\u00f3n ha consistido en el vaciado total de la distribuci\u00f3n interior de la vivienda, conservando aquellas partes de la estructura que se pod\u00edan recuperar y a\u00f1adir un altillo de madera&hellip; Seguir leyendo Rehabilitaci\u00f3n energ\u00e9tica integral de una vivienda con generaci\u00f3n fotovoltaica y de consumo casi nulo en Terrassa","og_url":"https:\/\/www.gmg.cat\/es\/rehabilitacion-energetica-integral-de-una-vivienda-con-generacion-fotovoltaica-y-de-consumo-casi-nulo-en-terrassa\/","og_site_name":"GMG","article_published_time":"2020-07-23T21:05:47+00:00","article_modified_time":"2024-04-25T17:27:05+00:00","author":"GMG","twitter_card":"summary_large_image","twitter_misc":{"Escrito por":"GMG","Tiempo de lectura":"3 minutos"},"schema":{"@context":"https:\/\/schema.org","@graph":[{"@type":"WebPage","@id":"https:\/\/www.gmg.cat\/es\/rehabilitacion-energetica-integral-de-una-vivienda-con-generacion-fotovoltaica-y-de-consumo-casi-nulo-en-terrassa\/","url":"https:\/\/www.gmg.cat\/es\/rehabilitacion-energetica-integral-de-una-vivienda-con-generacion-fotovoltaica-y-de-consumo-casi-nulo-en-terrassa\/","name":"Rehabilitaci\u00f3n energ\u00e9tica integral de una vivienda con generaci\u00f3n fotovoltaica y de consumo casi nulo en Terrassa - GMG","isPartOf":{"@id":"https:\/\/www.gmg.cat\/es\/#website"},"datePublished":"2020-07-23T21:05:47+00:00","dateModified":"2024-04-25T17:27:05+00:00","author":{"@id":"https:\/\/www.gmg.cat\/es\/#\/schema\/person\/17a33fd03cd5b219b6ec1b6c43a13970"},"inLanguage":"es","potentialAction":[{"@type":"ReadAction","target":["https:\/\/www.gmg.cat\/es\/rehabilitacion-energetica-integral-de-una-vivienda-con-generacion-fotovoltaica-y-de-consumo-casi-nulo-en-terrassa\/"]}]},{"@type":"WebSite","@id":"https:\/\/www.gmg.cat\/es\/#website","url":"https:\/\/www.gmg.cat\/es\/","name":"GMG","description":"","potentialAction":[{"@type":"SearchAction","target":{"@type":"EntryPoint","urlTemplate":"https:\/\/www.gmg.cat\/es\/?s={search_term_string}"},"query-input":"required name=search_term_string"}],"inLanguage":"es"},{"@type":"Person","@id":"https:\/\/www.gmg.cat\/es\/#\/schema\/person\/17a33fd03cd5b219b6ec1b6c43a13970","name":"GMG","image":{"@type":"ImageObject","inLanguage":"es","@id":"https:\/\/www.gmg.cat\/es\/#\/schema\/person\/image\/","url":"https:\/\/secure.gravatar.com\/avatar\/0b8a1419dc47166c17dcd8cf40c0d8020373c1488d8468255c90706af3b3630f?s=96&d=mm&r=g","contentUrl":"https:\/\/secure.gravatar.com\/avatar\/0b8a1419dc47166c17dcd8cf40c0d8020373c1488d8468255c90706af3b3630f?s=96&d=mm&r=g","caption":"GMG"},"url":"https:\/\/www.gmg.cat\/es\/author\/gmg\/"}]}},"_links":{"self":[{"href":"https:\/\/www.gmg.cat\/es\/wp-json\/wp\/v2\/posts\/7866","targetHints":{"allow":["GET"]}}],"collection":[{"href":"https:\/\/www.gmg.cat\/es\/wp-json\/wp\/v2\/posts"}],"about":[{"href":"https:\/\/www.gmg.cat\/es\/wp-json\/wp\/v2\/types\/post"}],"author":[{"embeddable":true,"href":"https:\/\/www.gmg.cat\/es\/wp-json\/wp\/v2\/users\/3"}],"replies":[{"embeddable":true,"href":"https:\/\/www.gmg.cat\/es\/wp-json\/wp\/v2\/comments?post=7866"}],"version-history":[{"count":2,"href":"https:\/\/www.gmg.cat\/es\/wp-json\/wp\/v2\/posts\/7866\/revisions"}],"predecessor-version":[{"id":11521,"href":"https:\/\/www.gmg.cat\/es\/wp-json\/wp\/v2\/posts\/7866\/revisions\/11521"}],"wp:featuredmedia":[{"embeddable":true,"href":"https:\/\/www.gmg.cat\/es\/wp-json\/wp\/v2\/media\/7867"}],"wp:attachment":[{"href":"https:\/\/www.gmg.cat\/es\/wp-json\/wp\/v2\/media?parent=7866"}],"wp:term":[{"taxonomy":"category","embeddable":true,"href":"https:\/\/www.gmg.cat\/es\/wp-json\/wp\/v2\/categories?post=7866"},{"taxonomy":"post_tag","embeddable":true,"href":"https:\/\/www.gmg.cat\/es\/wp-json\/wp\/v2\/tags?post=7866"}],"curies":[{"name":"wp","href":"https:\/\/api.w.org\/{rel}","templated":true}]}}