{"id":8213,"date":"2023-03-30T17:45:05","date_gmt":"2023-03-30T15:45:05","guid":{"rendered":"https:\/\/blog.gmg.cat\/?p=2213"},"modified":"2024-04-26T17:58:13","modified_gmt":"2024-04-26T15:58:13","slug":"gmg-desarrolla-las-obres-de-adecuacion-del-centro-de-atencion-primaria-ciudad-meridiana","status":"publish","type":"post","link":"https:\/\/www.gmg.cat\/es\/gmg-desarrolla-las-obres-de-adecuacion-del-centro-de-atencion-primaria-ciudad-meridiana\/","title":{"rendered":"GMG desarrolla las obras de adecuaci\u00f3n del centro de atenci\u00f3n primaria Ciudad Meridiana"},"content":{"rendered":"<p>El Instituto Catal\u00e1n de la Salud (ICS) encarg\u00f3 al equipo t\u00e9cnico de GMG, en el 2022, el proyecto de adecuaci\u00f3n integral de la planta primera del CAP Ciudad Meridiana. Estas obras, planificadas para dotar al centro de unos espacios actualizados y de las condiciones adecuadas de protecci\u00f3n contra incendios, salubridad y ahorro energ\u00e9tico, est\u00e1n en su fase final, con fecha prevista de entrega el 30 de mayo de 2023.<\/p>\n<p>El proyecto y las obras en fase de ejecuci\u00f3n han sido desarrollados mediante un trabajo transversal entre el ICS, GMG y los directivos y trabajadores del centro, con el claro objetivo de disponer de espacios modernos y flexibles que garantizar\u00e1n que durante muchos a\u00f1os los usuarios dispongan de un servicio de calidad.<\/p>\n<p>A nivel t\u00e9cnico se puede destacar que la factura energ\u00e9tica global se reducir\u00e1, en una primera fase, entre un 70% y un 80%. Para lograrlo, se ha modificado la totalidad de la envolvente t\u00e9rmica convirtiendo el edificio en un muy buen contenedor de energ\u00eda y se ha dotado al mismo de sistemas activos \u201cbasculantes\u201d con un consumo y demanda energ\u00e9tica en correspondencia con el uso.<\/p>\n<p>As\u00ed, por ejemplo, la modificaci\u00f3n total del alumbrado (LED) con regulaci\u00f3n DALI permite que cada espacio disponga de un nivel de luz artificial, en correspondencia con la luz natural que entra al recinto y su ocupaci\u00f3n. Adicionalmente, se ha dise\u00f1ado un nuevo sistema de climatizaci\u00f3n VRV con recuperaci\u00f3n de calor que, al margen de permitir la regulaci\u00f3n individual de temperaturas, produce ACS de forma totalmente gratuita. Por \u00faltimo, como parte de la adecuaci\u00f3n del centro, el ICS ha aprobado la instalaci\u00f3n de un campo de captadores solares fotovoltaicos de 30kWp.<\/p>\n<p>Esta obra de adecuaci\u00f3n, centrada en la primera planta del edificio, es la fase inicial de un proyecto integral que convertir\u00e1 este centro no en un NZEB, sino en un PEB (Positive Energy Building).<\/p>\n","protected":false},"excerpt":{"rendered":"<p>El Instituto Catal\u00e1n de la Salud (ICS) encarg\u00f3 al equipo t\u00e9cnico de GMG, en el 2022, el proyecto de adecuaci\u00f3n integral de la planta primera del CAP Ciudad Meridiana. Estas obras, planificadas para dotar al centro de unos espacios actualizados y de las condiciones adecuadas de protecci\u00f3n contra incendios, salubridad y ahorro energ\u00e9tico, est\u00e1n en&hellip; <a class=\"more-link\" href=\"https:\/\/www.gmg.cat\/es\/gmg-desarrolla-las-obres-de-adecuacion-del-centro-de-atencion-primaria-ciudad-meridiana\/\">Seguir leyendo <span class=\"screen-reader-text\">GMG desarrolla las obras de adecuaci\u00f3n del centro de atenci\u00f3n primaria Ciudad Meridiana<\/span><\/a><\/p>\n","protected":false},"author":3,"featured_media":8380,"comment_status":"open","ping_status":"open","sticky":false,"template":"","format":"standard","meta":{"inline_featured_image":false,"footnotes":""},"categories":[51],"tags":[1121,879,1097],"class_list":["post-8213","post","type-post","status-publish","format-standard","has-post-thumbnail","hentry","category-ingenieria","tag-adequacion-cap-meridiana","tag-ics","tag-ics-es","entry"],"acf":[],"yoast_head":"<!-- This site is optimized with the Yoast SEO plugin v21.5 - https:\/\/yoast.com\/wordpress\/plugins\/seo\/ -->\n<title>GMG desarrolla las obras de adecuaci\u00f3n del centro de atenci\u00f3n primaria Ciudad Meridiana - GMG<\/title>\n<meta name=\"robots\" content=\"index, follow, max-snippet:-1, max-image-preview:large, max-video-preview:-1\" \/>\n<link rel=\"canonical\" href=\"https:\/\/www.gmg.cat\/es\/gmg-desarrolla-las-obres-de-adecuacion-del-centro-de-atencion-primaria-ciudad-meridiana\/\" \/>\n<meta property=\"og:locale\" content=\"es_ES\" \/>\n<meta property=\"og:type\" content=\"article\" \/>\n<meta property=\"og:title\" content=\"GMG desarrolla las obras de adecuaci\u00f3n del centro de atenci\u00f3n primaria Ciudad Meridiana - GMG\" \/>\n<meta property=\"og:description\" content=\"El Instituto Catal\u00e1n de la Salud (ICS) encarg\u00f3 al equipo t\u00e9cnico de GMG, en el 2022, el proyecto de adecuaci\u00f3n integral de la planta primera del CAP Ciudad Meridiana. Estas obras, planificadas para dotar al centro de unos espacios actualizados y de las condiciones adecuadas de protecci\u00f3n contra incendios, salubridad y ahorro energ\u00e9tico, est\u00e1n en&hellip; Seguir leyendo GMG desarrolla las obras de adecuaci\u00f3n del centro de atenci\u00f3n primaria Ciudad Meridiana\" \/>\n<meta property=\"og:url\" content=\"https:\/\/www.gmg.cat\/es\/gmg-desarrolla-las-obres-de-adecuacion-del-centro-de-atencion-primaria-ciudad-meridiana\/\" \/>\n<meta property=\"og:site_name\" content=\"GMG\" \/>\n<meta property=\"article:published_time\" content=\"2023-03-30T15:45:05+00:00\" \/>\n<meta property=\"article:modified_time\" content=\"2024-04-26T15:58:13+00:00\" \/>\n<meta property=\"og:image\" content=\"https:\/\/www.gmg.cat\/wp-content\/uploads\/2023\/03\/1-scaled.jpg\" \/>\n\t<meta property=\"og:image:width\" content=\"1212\" \/>\n\t<meta property=\"og:image:height\" content=\"2560\" \/>\n\t<meta property=\"og:image:type\" content=\"image\/jpeg\" \/>\n<meta name=\"author\" content=\"GMG\" \/>\n<meta name=\"twitter:card\" content=\"summary_large_image\" \/>\n<meta name=\"twitter:label1\" content=\"Escrito por\" \/>\n\t<meta name=\"twitter:data1\" content=\"GMG\" \/>\n\t<meta name=\"twitter:label2\" content=\"Tiempo de lectura\" \/>\n\t<meta name=\"twitter:data2\" content=\"2 minutos\" \/>\n<script type=\"application\/ld+json\" class=\"yoast-schema-graph\">{\"@context\":\"https:\/\/schema.org\",\"@graph\":[{\"@type\":\"WebPage\",\"@id\":\"https:\/\/www.gmg.cat\/es\/gmg-desarrolla-las-obres-de-adecuacion-del-centro-de-atencion-primaria-ciudad-meridiana\/\",\"url\":\"https:\/\/www.gmg.cat\/es\/gmg-desarrolla-las-obres-de-adecuacion-del-centro-de-atencion-primaria-ciudad-meridiana\/\",\"name\":\"GMG desarrolla las obras de adecuaci\u00f3n del centro de atenci\u00f3n primaria Ciudad Meridiana - GMG\",\"isPartOf\":{\"@id\":\"https:\/\/www.gmg.cat\/es\/#website\"},\"datePublished\":\"2023-03-30T15:45:05+00:00\",\"dateModified\":\"2024-04-26T15:58:13+00:00\",\"author\":{\"@id\":\"https:\/\/www.gmg.cat\/es\/#\/schema\/person\/17a33fd03cd5b219b6ec1b6c43a13970\"},\"inLanguage\":\"es\",\"potentialAction\":[{\"@type\":\"ReadAction\",\"target\":[\"https:\/\/www.gmg.cat\/es\/gmg-desarrolla-las-obres-de-adecuacion-del-centro-de-atencion-primaria-ciudad-meridiana\/\"]}]},{\"@type\":\"WebSite\",\"@id\":\"https:\/\/www.gmg.cat\/es\/#website\",\"url\":\"https:\/\/www.gmg.cat\/es\/\",\"name\":\"GMG\",\"description\":\"\",\"potentialAction\":[{\"@type\":\"SearchAction\",\"target\":{\"@type\":\"EntryPoint\",\"urlTemplate\":\"https:\/\/www.gmg.cat\/es\/?s={search_term_string}\"},\"query-input\":\"required name=search_term_string\"}],\"inLanguage\":\"es\"},{\"@type\":\"Person\",\"@id\":\"https:\/\/www.gmg.cat\/es\/#\/schema\/person\/17a33fd03cd5b219b6ec1b6c43a13970\",\"name\":\"GMG\",\"image\":{\"@type\":\"ImageObject\",\"inLanguage\":\"es\",\"@id\":\"https:\/\/www.gmg.cat\/es\/#\/schema\/person\/image\/\",\"url\":\"https:\/\/secure.gravatar.com\/avatar\/0b8a1419dc47166c17dcd8cf40c0d8020373c1488d8468255c90706af3b3630f?s=96&d=mm&r=g\",\"contentUrl\":\"https:\/\/secure.gravatar.com\/avatar\/0b8a1419dc47166c17dcd8cf40c0d8020373c1488d8468255c90706af3b3630f?s=96&d=mm&r=g\",\"caption\":\"GMG\"},\"url\":\"https:\/\/www.gmg.cat\/es\/author\/gmg\/\"}]}<\/script>\n<!-- \/ Yoast SEO plugin. -->","yoast_head_json":{"title":"GMG desarrolla las obras de adecuaci\u00f3n del centro de atenci\u00f3n primaria Ciudad Meridiana - GMG","robots":{"index":"index","follow":"follow","max-snippet":"max-snippet:-1","max-image-preview":"max-image-preview:large","max-video-preview":"max-video-preview:-1"},"canonical":"https:\/\/www.gmg.cat\/es\/gmg-desarrolla-las-obres-de-adecuacion-del-centro-de-atencion-primaria-ciudad-meridiana\/","og_locale":"es_ES","og_type":"article","og_title":"GMG desarrolla las obras de adecuaci\u00f3n del centro de atenci\u00f3n primaria Ciudad Meridiana - GMG","og_description":"El Instituto Catal\u00e1n de la Salud (ICS) encarg\u00f3 al equipo t\u00e9cnico de GMG, en el 2022, el proyecto de adecuaci\u00f3n integral de la planta primera del CAP Ciudad Meridiana. Estas obras, planificadas para dotar al centro de unos espacios actualizados y de las condiciones adecuadas de protecci\u00f3n contra incendios, salubridad y ahorro energ\u00e9tico, est\u00e1n en&hellip; Seguir leyendo GMG desarrolla las obras de adecuaci\u00f3n del centro de atenci\u00f3n primaria Ciudad Meridiana","og_url":"https:\/\/www.gmg.cat\/es\/gmg-desarrolla-las-obres-de-adecuacion-del-centro-de-atencion-primaria-ciudad-meridiana\/","og_site_name":"GMG","article_published_time":"2023-03-30T15:45:05+00:00","article_modified_time":"2024-04-26T15:58:13+00:00","og_image":[{"width":1212,"height":2560,"url":"https:\/\/www.gmg.cat\/wp-content\/uploads\/2023\/03\/1-scaled.jpg","type":"image\/jpeg"}],"author":"GMG","twitter_card":"summary_large_image","twitter_misc":{"Escrito por":"GMG","Tiempo de lectura":"2 minutos"},"schema":{"@context":"https:\/\/schema.org","@graph":[{"@type":"WebPage","@id":"https:\/\/www.gmg.cat\/es\/gmg-desarrolla-las-obres-de-adecuacion-del-centro-de-atencion-primaria-ciudad-meridiana\/","url":"https:\/\/www.gmg.cat\/es\/gmg-desarrolla-las-obres-de-adecuacion-del-centro-de-atencion-primaria-ciudad-meridiana\/","name":"GMG desarrolla las obras de adecuaci\u00f3n del centro de atenci\u00f3n primaria Ciudad Meridiana - GMG","isPartOf":{"@id":"https:\/\/www.gmg.cat\/es\/#website"},"datePublished":"2023-03-30T15:45:05+00:00","dateModified":"2024-04-26T15:58:13+00:00","author":{"@id":"https:\/\/www.gmg.cat\/es\/#\/schema\/person\/17a33fd03cd5b219b6ec1b6c43a13970"},"inLanguage":"es","potentialAction":[{"@type":"ReadAction","target":["https:\/\/www.gmg.cat\/es\/gmg-desarrolla-las-obres-de-adecuacion-del-centro-de-atencion-primaria-ciudad-meridiana\/"]}]},{"@type":"WebSite","@id":"https:\/\/www.gmg.cat\/es\/#website","url":"https:\/\/www.gmg.cat\/es\/","name":"GMG","description":"","potentialAction":[{"@type":"SearchAction","target":{"@type":"EntryPoint","urlTemplate":"https:\/\/www.gmg.cat\/es\/?s={search_term_string}"},"query-input":"required name=search_term_string"}],"inLanguage":"es"},{"@type":"Person","@id":"https:\/\/www.gmg.cat\/es\/#\/schema\/person\/17a33fd03cd5b219b6ec1b6c43a13970","name":"GMG","image":{"@type":"ImageObject","inLanguage":"es","@id":"https:\/\/www.gmg.cat\/es\/#\/schema\/person\/image\/","url":"https:\/\/secure.gravatar.com\/avatar\/0b8a1419dc47166c17dcd8cf40c0d8020373c1488d8468255c90706af3b3630f?s=96&d=mm&r=g","contentUrl":"https:\/\/secure.gravatar.com\/avatar\/0b8a1419dc47166c17dcd8cf40c0d8020373c1488d8468255c90706af3b3630f?s=96&d=mm&r=g","caption":"GMG"},"url":"https:\/\/www.gmg.cat\/es\/author\/gmg\/"}]}},"_links":{"self":[{"href":"https:\/\/www.gmg.cat\/es\/wp-json\/wp\/v2\/posts\/8213","targetHints":{"allow":["GET"]}}],"collection":[{"href":"https:\/\/www.gmg.cat\/es\/wp-json\/wp\/v2\/posts"}],"about":[{"href":"https:\/\/www.gmg.cat\/es\/wp-json\/wp\/v2\/types\/post"}],"author":[{"embeddable":true,"href":"https:\/\/www.gmg.cat\/es\/wp-json\/wp\/v2\/users\/3"}],"replies":[{"embeddable":true,"href":"https:\/\/www.gmg.cat\/es\/wp-json\/wp\/v2\/comments?post=8213"}],"version-history":[{"count":3,"href":"https:\/\/www.gmg.cat\/es\/wp-json\/wp\/v2\/posts\/8213\/revisions"}],"predecessor-version":[{"id":11576,"href":"https:\/\/www.gmg.cat\/es\/wp-json\/wp\/v2\/posts\/8213\/revisions\/11576"}],"wp:featuredmedia":[{"embeddable":true,"href":"https:\/\/www.gmg.cat\/es\/wp-json\/wp\/v2\/media\/8380"}],"wp:attachment":[{"href":"https:\/\/www.gmg.cat\/es\/wp-json\/wp\/v2\/media?parent=8213"}],"wp:term":[{"taxonomy":"category","embeddable":true,"href":"https:\/\/www.gmg.cat\/es\/wp-json\/wp\/v2\/categories?post=8213"},{"taxonomy":"post_tag","embeddable":true,"href":"https:\/\/www.gmg.cat\/es\/wp-json\/wp\/v2\/tags?post=8213"}],"curies":[{"name":"wp","href":"https:\/\/api.w.org\/{rel}","templated":true}]}}